{"id":24881,"date":"2025-03-09T10:47:58","date_gmt":"2025-03-09T07:47:58","guid":{"rendered":"https:\/\/www.egemtv.com\/?p=24881"},"modified":"2025-03-09T10:48:02","modified_gmt":"2025-03-09T07:48:02","slug":"aydinda-yasli-cinarlar-unutulmuyor","status":"publish","type":"post","link":"https:\/\/www.egemtv.com\/?p=24881","title":{"rendered":"Ayd\u0131n\u2019da ya\u015fl\u0131 \u00e7\u0131narlar unutulmuyor"},"content":{"rendered":"<p>\u00c7ine \u0130l\u00e7e Jandarma Komutanl\u0131\u011f\u0131, Arife ve Emine teyzeler ile \u0130smail amcay\u0131 ziyaret etti.<\/p>\n<p>Ayd\u0131n \u0130l Jandarma Komutanl\u0131\u011f\u0131 taraf\u0131ndan Ayd\u0131n genelinde 80 ya\u015f\u0131n \u00fcst\u00fcnde bulunan vatanda\u015flar ekipler taraf\u0131ndan s\u0131k s\u0131k ziyaret ediliyor. Bu kapsamda \u00c7ine \u0130l\u00e7e Jandarma Komutanl\u0131\u011f\u0131 ekipleri \u00c7ine\u2019nin Sa\u011fl\u0131k Mahallesi\u2019nde ikamet eden Arife ve Emine isimli teyzeler ile \u0130smail amcay\u0131 ziyaret etti. Ya\u015fl\u0131 \u00e7\u0131narlarla sohbet edip sa\u011fl\u0131k durumlar\u0131n\u0131 ve herhangi bir taleplerinin bulunup bulunmad\u0131\u011f\u0131n\u0131 soran jandarma ekipleri, kendilerine ula\u015f\u0131labilecek telefon numaralar\u0131 verdi.<br \/><\/p>\n","protected":false},"excerpt":{"rendered":"<p>\u00c7ine \u0130l\u00e7e Jandarma Komutanl\u0131\u011f\u0131, Arife ve Emine teyzeler ile \u0130smail amcay\u0131 ziyaret etti. Ayd\u0131n \u0130l Jandarma Komutanl\u0131\u011f\u0131 taraf\u0131ndan Ayd\u0131n genelinde 80 ya\u015f\u0131n \u00fcst\u00fcnde bulunan vatanda\u015flar ekipler taraf\u0131ndan s\u0131k s\u0131k ziyaret ediliyor. Bu kapsamda \u00c7ine \u0130l\u00e7e Jandarma Komutanl\u0131\u011f\u0131 ekipleri \u00c7ine\u2019nin Sa\u011fl\u0131k Mahallesi\u2019nde ikamet eden Arife ve Emine isimli teyzeler ile \u0130smail amcay\u0131 ziyaret etti. Ya\u015fl\u0131 \u00e7\u0131narlarla&#8230;<\/p>\n","protected":false},"author":1,"featured_media":24882,"comment_status":"open","ping_status":"open","sticky":false,"template":"","format":"standard","meta":{"_crdt_document":"","footnotes":""},"categories":[5],"tags":[],"class_list":["post-24881","post","type-post","status-publish","format-standard","has-post-thumbnail","hentry","category-asayis"],"_links":{"self":[{"href":"https:\/\/www.egemtv.com\/index.php?rest_route=\/wp\/v2\/posts\/24881","targetHints":{"allow":["GET"]}}],"collection":[{"href":"https:\/\/www.egemtv.com\/index.php?rest_route=\/wp\/v2\/posts"}],"about":[{"href":"https:\/\/www.egemtv.com\/index.php?rest_route=\/wp\/v2\/types\/post"}],"author":[{"embeddable":true,"href":"https:\/\/www.egemtv.com\/index.php?rest_route=\/wp\/v2\/users\/1"}],"replies":[{"embeddable":true,"href":"https:\/\/www.egemtv.com\/index.php?rest_route=%2Fwp%2Fv2%2Fcomments&post=24881"}],"version-history":[{"count":1,"href":"https:\/\/www.egemtv.com\/index.php?rest_route=\/wp\/v2\/posts\/24881\/revisions"}],"predecessor-version":[{"id":24883,"href":"https:\/\/www.egemtv.com\/index.php?rest_route=\/wp\/v2\/posts\/24881\/revisions\/24883"}],"wp:featuredmedia":[{"embeddable":true,"href":"https:\/\/www.egemtv.com\/index.php?rest_route=\/wp\/v2\/media\/24882"}],"wp:attachment":[{"href":"https:\/\/www.egemtv.com\/index.php?rest_route=%2Fwp%2Fv2%2Fmedia&parent=24881"}],"wp:term":[{"taxonomy":"category","embeddable":true,"href":"https:\/\/www.egemtv.com\/index.php?rest_route=%2Fwp%2Fv2%2Fcategories&post=24881"},{"taxonomy":"post_tag","embeddable":true,"href":"https:\/\/www.egemtv.com\/index.php?rest_route=%2Fwp%2Fv2%2Ftags&post=24881"}],"curies":[{"name":"wp","href":"https:\/\/api.w.org\/{rel}","templated":true}]}}