{"id":24878,"date":"2025-03-09T10:27:37","date_gmt":"2025-03-09T07:27:37","guid":{"rendered":"https:\/\/www.egemtv.com\/?p=24878"},"modified":"2025-03-09T10:27:41","modified_gmt":"2025-03-09T07:27:41","slug":"jandarmanin-hassas-burunlari-uyusturucuya-gecit-vermedi","status":"publish","type":"post","link":"https:\/\/www.egemtv.com\/?p=24878","title":{"rendered":"Jandarman\u0131n hassas burunlar\u0131 uyu\u015fturucuya ge\u00e7it vermedi"},"content":{"rendered":"<p>Ayd\u0131n\u2019\u0131n S\u00f6ke il\u00e7esinde \u015f\u00fcphe \u00fczerine durdurulan ara\u00e7 i\u00e7erisinde uyu\u015fturucu madde k\u00f6pekleri Delta ve Barut ile yap\u0131lan arada uyu\u015fturucu madde ele ge\u00e7irildi.<\/p>\n<p>Ayd\u0131n\u2019da jandarma ekipleri uyu\u015fturucu madde kullan\u0131m\u0131 ve sat\u0131\u015f\u0131n\u0131n engellenmesi i\u00e7in \u00e7al\u0131\u015fmalar\u0131n\u0131 aral\u0131ks\u0131z olarak s\u00fcrd\u00fcr\u00fcyor. Edinilen bilgiye g\u00f6re, S\u00f6ke \u0130l\u00e7e Jandarma Komutanl\u0131\u011f\u0131 taraf\u0131ndan Asri Mezarl\u0131k \u00d6n\u00fc Yol Kontrol Noktas\u0131\u2019nda durdurulan ara\u00e7 s\u00fcr\u00fcc\u00fcs\u00fc M.T. isimli \u015f\u00fcpheli \u015fahs\u0131n yap\u0131lan sorgulamas\u0131 esnas\u0131nda uyu\u015fturucu madde k\u00f6pekleri Delta ve Barut tepki verdi. Hassas burunlar\u0131n tepkisi \u00fczerine arac\u0131n sa\u011f \u00f6n koltuk arkas\u0131nda kutu i\u00e7erisinde; 112 adet sentetik hap, 12 gram kubar esrar, 1 adet hassas terazi, 1 adet \u00f6\u011f\u00fctme aparat\u0131 ele ge\u00e7irilirken \u015f\u00fcpheli \u015fah\u0131s M.T. g\u00f6zalt\u0131na al\u0131nd\u0131.<\/p>\n<p>Olayla ilgili soru\u015fturma s\u00fcr\u00fcyor.<br \/><\/p>\n","protected":false},"excerpt":{"rendered":"<p>Ayd\u0131n\u2019\u0131n S\u00f6ke il\u00e7esinde \u015f\u00fcphe \u00fczerine durdurulan ara\u00e7 i\u00e7erisinde uyu\u015fturucu madde k\u00f6pekleri Delta ve Barut ile yap\u0131lan arada uyu\u015fturucu madde ele ge\u00e7irildi. Ayd\u0131n\u2019da jandarma ekipleri uyu\u015fturucu madde kullan\u0131m\u0131 ve sat\u0131\u015f\u0131n\u0131n engellenmesi i\u00e7in \u00e7al\u0131\u015fmalar\u0131n\u0131 aral\u0131ks\u0131z olarak s\u00fcrd\u00fcr\u00fcyor. Edinilen bilgiye g\u00f6re, S\u00f6ke \u0130l\u00e7e Jandarma Komutanl\u0131\u011f\u0131 taraf\u0131ndan Asri Mezarl\u0131k \u00d6n\u00fc Yol Kontrol Noktas\u0131\u2019nda durdurulan ara\u00e7 s\u00fcr\u00fcc\u00fcs\u00fc M.T. isimli \u015f\u00fcpheli&#8230;<\/p>\n","protected":false},"author":1,"featured_media":24879,"comment_status":"open","ping_status":"open","sticky":false,"template":"","format":"standard","meta":{"_crdt_document":"","footnotes":""},"categories":[5],"tags":[],"class_list":["post-24878","post","type-post","status-publish","format-standard","has-post-thumbnail","hentry","category-asayis"],"_links":{"self":[{"href":"https:\/\/www.egemtv.com\/index.php?rest_route=\/wp\/v2\/posts\/24878","targetHints":{"allow":["GET"]}}],"collection":[{"href":"https:\/\/www.egemtv.com\/index.php?rest_route=\/wp\/v2\/posts"}],"about":[{"href":"https:\/\/www.egemtv.com\/index.php?rest_route=\/wp\/v2\/types\/post"}],"author":[{"embeddable":true,"href":"https:\/\/www.egemtv.com\/index.php?rest_route=\/wp\/v2\/users\/1"}],"replies":[{"embeddable":true,"href":"https:\/\/www.egemtv.com\/index.php?rest_route=%2Fwp%2Fv2%2Fcomments&post=24878"}],"version-history":[{"count":1,"href":"https:\/\/www.egemtv.com\/index.php?rest_route=\/wp\/v2\/posts\/24878\/revisions"}],"predecessor-version":[{"id":24880,"href":"https:\/\/www.egemtv.com\/index.php?rest_route=\/wp\/v2\/posts\/24878\/revisions\/24880"}],"wp:featuredmedia":[{"embeddable":true,"href":"https:\/\/www.egemtv.com\/index.php?rest_route=\/wp\/v2\/media\/24879"}],"wp:attachment":[{"href":"https:\/\/www.egemtv.com\/index.php?rest_route=%2Fwp%2Fv2%2Fmedia&parent=24878"}],"wp:term":[{"taxonomy":"category","embeddable":true,"href":"https:\/\/www.egemtv.com\/index.php?rest_route=%2Fwp%2Fv2%2Fcategories&post=24878"},{"taxonomy":"post_tag","embeddable":true,"href":"https:\/\/www.egemtv.com\/index.php?rest_route=%2Fwp%2Fv2%2Ftags&post=24878"}],"curies":[{"name":"wp","href":"https:\/\/api.w.org\/{rel}","templated":true}]}}