{"id":24875,"date":"2025-03-09T03:05:44","date_gmt":"2025-03-09T00:05:44","guid":{"rendered":"https:\/\/www.egemtv.com\/?p=24875"},"modified":"2025-03-09T03:05:49","modified_gmt":"2025-03-09T00:05:49","slug":"vali-ozkan-kadinlar-toplumsal-duzenin-onculeridir","status":"publish","type":"post","link":"https:\/\/www.egemtv.com\/?p=24875","title":{"rendered":"Vali \u00d6zkan: &#8220;Kad\u0131nlar; toplumsal d\u00fczenin \u00f6nc\u00fcleridir&#8221;"},"content":{"rendered":"<p>Manisa\u2019da 8 Mart D\u00fcnya Kad\u0131nlar G\u00fcn\u00fc anlaml\u0131 bir programla kutland\u0131. Vali Vahdettin \u00d6zkan ve E\u015fi Dr. Ruhan \u00d6zkan, 8 Mart D\u00fcnya Kad\u0131nlar G\u00fcn\u00fc dolay\u0131s\u0131yla \u015eiddet \u00d6nleme ve \u0130zleme Merkezi taraf\u0131ndan d\u00fczenlenen iftar program\u0131nda Merkezden hizmet alan kad\u0131nlar ve \u00e7ocuklarla bir araya geldi.<br \/>\n<br \/>Vali \u00d6zkan, &#8220;Kad\u0131nlar;toplumsal d\u00fczenin in\u015fas\u0131n\u0131 ve rehberli\u011fini yapan \u00f6nc\u00fclerdir. Toplum olarak el birli\u011fiyle \u00e7al\u0131\u015fmal\u0131, kad\u0131nlar\u0131m\u0131z\u0131n her alanda daha g\u00fc\u00e7l\u00fc bir \u015fekilde yer almas\u0131n\u0131n \u00f6n\u00fcndeki engelleri a\u015fmal\u0131y\u0131z.&#8221; dedi.<br \/>\n<br \/>Vali Vahdettin \u00d6zkan, kad\u0131nlar\u0131n medeniyetin asli ta\u015f\u0131y\u0131c\u0131lar\u0131 oldu\u011funu belirterek, kad\u0131nlar\u0131n \u015fefkat kahramanlar\u0131 olarak toplumdaki \u00f6nemli rollerini vurgulad\u0131. Toplumsal huzurun sa\u011flanmas\u0131nda kad\u0131nlar\u0131n \u00e7ok b\u00fcy\u00fck bir \u00f6neme sahip oldu\u011funu ifade eden Vali \u00d6zkan, &#8220;Kad\u0131nlar\u0131n rehberli\u011fi, toplumsal bar\u0131\u015f i\u00e7in en \u00f6nemli unsurlardan biridir. Hepimiz el birli\u011fiyle, kad\u0131n haklar\u0131n\u0131 savunmal\u0131 ve bu haklar\u0131 ihlal eden her t\u00fcrl\u00fc olaya kar\u015f\u0131 durmal\u0131y\u0131z.&#8221; dedi.<br \/>\n<br \/>E\u011fitim ve toplumsal fark\u0131ndal\u0131\u011f\u0131n \u00f6nemine de de\u011finen Vali \u00d6zkan, e\u011fitimle toplumda kad\u0131na y\u00f6nelik \u015fiddet ve \u00f6tekile\u015ftirmenin \u00f6nlenebilece\u011fini, bunun i\u00e7in t\u00fcm kurumlar\u0131n i\u015f birli\u011fi i\u00e7inde hareket etmesi gerekti\u011fini belirtti.<br \/>\n<br \/>Cumhurba\u015fkan\u0131 Recep Tayyip Erdo\u011fan\u2019\u0131n imzas\u0131yla bug\u00fcn Resmi Gazete\u2019de &#8220;Kad\u0131n\u0131n G\u00fc\u00e7lenmesi&#8221; genelgesinin yay\u0131mland\u0131\u011f\u0131n\u0131 ve genelge ile \u2019Kad\u0131n\u0131 G\u00fc\u00e7lendirme Kurulu\u2019 kuruldu\u011funu ifade eden Vali \u00d6zkan, &#8220;Esas olan b\u00fct\u00fcn kurumlar\u0131n bu mevzuat\u0131 \u00e7ok iyi bir \u015fekilde uygulamas\u0131 ve b\u00fct\u00fcn toplumun bunu benimsemesidir. Ben tekrar b\u00fct\u00fcn kad\u0131nlar\u0131m\u0131z\u0131n D\u00fcnya Kad\u0131nlar G\u00fcn\u00fcn\u00fc kutluyorum.&#8221; \u015feklinde konu\u015ftu.<br \/><\/p>\n","protected":false},"excerpt":{"rendered":"<p>Manisa\u2019da 8 Mart D\u00fcnya Kad\u0131nlar G\u00fcn\u00fc anlaml\u0131 bir programla kutland\u0131. Vali Vahdettin \u00d6zkan ve E\u015fi Dr. Ruhan \u00d6zkan, 8 Mart D\u00fcnya Kad\u0131nlar G\u00fcn\u00fc dolay\u0131s\u0131yla \u015eiddet \u00d6nleme ve \u0130zleme Merkezi taraf\u0131ndan d\u00fczenlenen iftar program\u0131nda Merkezden hizmet alan kad\u0131nlar ve \u00e7ocuklarla bir araya geldi. Vali \u00d6zkan, &#8220;Kad\u0131nlar;toplumsal d\u00fczenin in\u015fas\u0131n\u0131 ve rehberli\u011fini yapan \u00f6nc\u00fclerdir. Toplum olarak el birli\u011fiyle&#8230;<\/p>\n","protected":false},"author":1,"featured_media":24876,"comment_status":"open","ping_status":"open","sticky":false,"template":"","format":"standard","meta":{"_crdt_document":"","footnotes":""},"categories":[123],"tags":[],"class_list":["post-24875","post","type-post","status-publish","format-standard","has-post-thumbnail","hentry","category-gundem"],"_links":{"self":[{"href":"https:\/\/www.egemtv.com\/index.php?rest_route=\/wp\/v2\/posts\/24875","targetHints":{"allow":["GET"]}}],"collection":[{"href":"https:\/\/www.egemtv.com\/index.php?rest_route=\/wp\/v2\/posts"}],"about":[{"href":"https:\/\/www.egemtv.com\/index.php?rest_route=\/wp\/v2\/types\/post"}],"author":[{"embeddable":true,"href":"https:\/\/www.egemtv.com\/index.php?rest_route=\/wp\/v2\/users\/1"}],"replies":[{"embeddable":true,"href":"https:\/\/www.egemtv.com\/index.php?rest_route=%2Fwp%2Fv2%2Fcomments&post=24875"}],"version-history":[{"count":1,"href":"https:\/\/www.egemtv.com\/index.php?rest_route=\/wp\/v2\/posts\/24875\/revisions"}],"predecessor-version":[{"id":24877,"href":"https:\/\/www.egemtv.com\/index.php?rest_route=\/wp\/v2\/posts\/24875\/revisions\/24877"}],"wp:featuredmedia":[{"embeddable":true,"href":"https:\/\/www.egemtv.com\/index.php?rest_route=\/wp\/v2\/media\/24876"}],"wp:attachment":[{"href":"https:\/\/www.egemtv.com\/index.php?rest_route=%2Fwp%2Fv2%2Fmedia&parent=24875"}],"wp:term":[{"taxonomy":"category","embeddable":true,"href":"https:\/\/www.egemtv.com\/index.php?rest_route=%2Fwp%2Fv2%2Fcategories&post=24875"},{"taxonomy":"post_tag","embeddable":true,"href":"https:\/\/www.egemtv.com\/index.php?rest_route=%2Fwp%2Fv2%2Ftags&post=24875"}],"curies":[{"name":"wp","href":"https:\/\/api.w.org\/{rel}","templated":true}]}}