{"id":24872,"date":"2025-03-09T02:24:41","date_gmt":"2025-03-08T23:24:41","guid":{"rendered":"https:\/\/www.egemtv.com\/?p=24872"},"modified":"2025-03-09T02:24:47","modified_gmt":"2025-03-08T23:24:47","slug":"oglunun-is-yerinde-calisanlarla-tartisti-havaya-ates-acti","status":"publish","type":"post","link":"https:\/\/www.egemtv.com\/?p=24872","title":{"rendered":"O\u011flunun i\u015f yerinde \u00e7al\u0131\u015fanlarla tart\u0131\u015ft\u0131, havaya ate\u015f a\u00e7t\u0131"},"content":{"rendered":"<p>Burdur\u2019da o\u011flunun i\u015f yerine gelerek \u00e7al\u0131\u015fanlarla tart\u0131\u015fan ve ard\u0131ndan kuru s\u0131k\u0131 tabancayla havaya ate\u015f a\u00e7an alkoll\u00fc \u015fah\u0131s, polis ekipleri taraf\u0131ndan evinde g\u00f6zalt\u0131na al\u0131nd\u0131.<br \/>\n<br \/>Olay, saat 00.15 s\u0131ralar\u0131nda Burdur\u2019un merkez il\u00e7esine ba\u011fl\u0131 Zafer Mahallesi, Cumhuriyet Caddesi \u00fczerinde meydana geldi. Edinilen bilgilere g\u00f6re, hakk\u0131nda e\u015finin uzakla\u015ft\u0131rma karar\u0131 ald\u0131rd\u0131\u011f\u0131 A.\u0130., cezaevinde bulunan o\u011flunun restoran\u0131na gelerek \u00e7al\u0131\u015fanlarla hen\u00fcz bilinmeyen bir nedenle tart\u0131\u015fmaya ba\u015flad\u0131. Tart\u0131\u015fman\u0131n ard\u0131ndan restoran\u0131n kar\u015f\u0131s\u0131na ge\u00e7en A.\u0130., yan\u0131nda getirdi\u011fi kuru s\u0131k\u0131 tabanca ile havaya 4 el ate\u015f ettikten sonra b\u00f6lgeden uzakla\u015ft\u0131.<br \/>\n<br \/>Restoran \u00e7al\u0131\u015fanlar\u0131n\u0131n durumu 112 Acil \u00c7a\u011fr\u0131 Merkezi\u2019ne bildirmesi \u00fczerine olay yerine \u00e7ok say\u0131da polis ekibi sevk edildi. Olay yeri inceleme ekipleri b\u00f6lgede \u00e7al\u0131\u015fma yaparken, polis ekipleri \u015f\u00fcpheli A.\u0130.\u2019yi olayda kulland\u0131\u011f\u0131 tabanca ile birlikte evinde g\u00f6zalt\u0131na ald\u0131.<br \/>\n<br \/>Olayla ilgili inceleme ba\u015flat\u0131l\u0131rken, A.\u0130.\u2019nin alkoll\u00fc oldu\u011fu \u00f6\u011frenildi.<\/p>\n","protected":false},"excerpt":{"rendered":"<p>Burdur\u2019da o\u011flunun i\u015f yerine gelerek \u00e7al\u0131\u015fanlarla tart\u0131\u015fan ve ard\u0131ndan kuru s\u0131k\u0131 tabancayla havaya ate\u015f a\u00e7an alkoll\u00fc \u015fah\u0131s, polis ekipleri taraf\u0131ndan evinde g\u00f6zalt\u0131na al\u0131nd\u0131. Olay, saat 00.15 s\u0131ralar\u0131nda Burdur\u2019un merkez il\u00e7esine ba\u011fl\u0131 Zafer Mahallesi, Cumhuriyet Caddesi \u00fczerinde meydana geldi. Edinilen bilgilere g\u00f6re, hakk\u0131nda e\u015finin uzakla\u015ft\u0131rma karar\u0131 ald\u0131rd\u0131\u011f\u0131 A.\u0130., cezaevinde bulunan o\u011flunun restoran\u0131na gelerek \u00e7al\u0131\u015fanlarla hen\u00fcz bilinmeyen&#8230;<\/p>\n","protected":false},"author":1,"featured_media":24873,"comment_status":"open","ping_status":"open","sticky":false,"template":"","format":"standard","meta":{"_crdt_document":"","footnotes":""},"categories":[5],"tags":[],"class_list":["post-24872","post","type-post","status-publish","format-standard","has-post-thumbnail","hentry","category-asayis"],"_links":{"self":[{"href":"https:\/\/www.egemtv.com\/index.php?rest_route=\/wp\/v2\/posts\/24872","targetHints":{"allow":["GET"]}}],"collection":[{"href":"https:\/\/www.egemtv.com\/index.php?rest_route=\/wp\/v2\/posts"}],"about":[{"href":"https:\/\/www.egemtv.com\/index.php?rest_route=\/wp\/v2\/types\/post"}],"author":[{"embeddable":true,"href":"https:\/\/www.egemtv.com\/index.php?rest_route=\/wp\/v2\/users\/1"}],"replies":[{"embeddable":true,"href":"https:\/\/www.egemtv.com\/index.php?rest_route=%2Fwp%2Fv2%2Fcomments&post=24872"}],"version-history":[{"count":1,"href":"https:\/\/www.egemtv.com\/index.php?rest_route=\/wp\/v2\/posts\/24872\/revisions"}],"predecessor-version":[{"id":24874,"href":"https:\/\/www.egemtv.com\/index.php?rest_route=\/wp\/v2\/posts\/24872\/revisions\/24874"}],"wp:featuredmedia":[{"embeddable":true,"href":"https:\/\/www.egemtv.com\/index.php?rest_route=\/wp\/v2\/media\/24873"}],"wp:attachment":[{"href":"https:\/\/www.egemtv.com\/index.php?rest_route=%2Fwp%2Fv2%2Fmedia&parent=24872"}],"wp:term":[{"taxonomy":"category","embeddable":true,"href":"https:\/\/www.egemtv.com\/index.php?rest_route=%2Fwp%2Fv2%2Fcategories&post=24872"},{"taxonomy":"post_tag","embeddable":true,"href":"https:\/\/www.egemtv.com\/index.php?rest_route=%2Fwp%2Fv2%2Ftags&post=24872"}],"curies":[{"name":"wp","href":"https:\/\/api.w.org\/{rel}","templated":true}]}}