{"id":24869,"date":"2025-03-08T22:44:44","date_gmt":"2025-03-08T19:44:44","guid":{"rendered":"https:\/\/www.egemtv.com\/?p=24869"},"modified":"2025-03-08T22:44:50","modified_gmt":"2025-03-08T19:44:50","slug":"bodrumda-4-suctan-aranan-sahis-yakalandi","status":"publish","type":"post","link":"https:\/\/www.egemtv.com\/?p=24869","title":{"rendered":"Bodrum\u2019da 4 su\u00e7tan aranan \u015fah\u0131s yakaland\u0131"},"content":{"rendered":"<p>Mu\u011fla\u2019n\u0131n Bodrum il\u00e7esinde 4 ayr\u0131 su\u00e7tan 32 y\u0131l 4 ay kesinle\u015fmi\u015f hapis cezas\u0131yla aranan \u015f\u00fcpheli d\u00fczenlenen operasyonla yakaland\u0131.<\/p>\n<p>Bodrum \u0130l\u00e7e Jandarma Komutanl\u0131\u011f\u0131nca aranan \u015fah\u0131slar\u0131n yakalanmas\u0131na y\u00f6nelik \u00e7al\u0131\u015fma ger\u00e7ekle\u015ftirildi. Edinilen bilgiye g\u00f6re hakk\u0131nda &#8220;doland\u0131r\u0131c\u0131l\u0131k, h\u00fck\u00fcml\u00fc veya tutuklunun ka\u00e7mas\u0131, h\u0131rs\u0131zl\u0131k ve resmi belgede sahtecilik&#8221; su\u00e7lar\u0131 olmak \u00fczere 4 ayr\u0131 su\u00e7tan 32 y\u0131l 4 ay kesinle\u015fmi\u015f hapis cezas\u0131 ile yakalama karar\u0131 bulunan 44 ya\u015f\u0131ndaki \u0130.D.\u2019nin Bodrum\u2019da oldu\u011fu tespit edildi. \u0130.D., jandarma ekiplerince Peksimet Mahallesi\u2019nde yap\u0131lan operasyonla yakaland\u0131. Gerekli i\u015flemlerinin ard\u0131ndan adliyeye sevk edilen \u015f\u00fcpheli \u0130.D. \u00e7\u0131kar\u0131ld\u0131\u011f\u0131 adli makamlarca tutuklanarak cezaevine g\u00f6nderildi.<br \/><\/p>\n","protected":false},"excerpt":{"rendered":"<p>Mu\u011fla\u2019n\u0131n Bodrum il\u00e7esinde 4 ayr\u0131 su\u00e7tan 32 y\u0131l 4 ay kesinle\u015fmi\u015f hapis cezas\u0131yla aranan \u015f\u00fcpheli d\u00fczenlenen operasyonla yakaland\u0131. Bodrum \u0130l\u00e7e Jandarma Komutanl\u0131\u011f\u0131nca aranan \u015fah\u0131slar\u0131n yakalanmas\u0131na y\u00f6nelik \u00e7al\u0131\u015fma ger\u00e7ekle\u015ftirildi. Edinilen bilgiye g\u00f6re hakk\u0131nda &#8220;doland\u0131r\u0131c\u0131l\u0131k, h\u00fck\u00fcml\u00fc veya tutuklunun ka\u00e7mas\u0131, h\u0131rs\u0131zl\u0131k ve resmi belgede sahtecilik&#8221; su\u00e7lar\u0131 olmak \u00fczere 4 ayr\u0131 su\u00e7tan 32 y\u0131l 4 ay kesinle\u015fmi\u015f hapis cezas\u0131&#8230;<\/p>\n","protected":false},"author":1,"featured_media":24870,"comment_status":"open","ping_status":"open","sticky":false,"template":"","format":"standard","meta":{"_crdt_document":"","footnotes":""},"categories":[5],"tags":[],"class_list":["post-24869","post","type-post","status-publish","format-standard","has-post-thumbnail","hentry","category-asayis"],"_links":{"self":[{"href":"https:\/\/www.egemtv.com\/index.php?rest_route=\/wp\/v2\/posts\/24869","targetHints":{"allow":["GET"]}}],"collection":[{"href":"https:\/\/www.egemtv.com\/index.php?rest_route=\/wp\/v2\/posts"}],"about":[{"href":"https:\/\/www.egemtv.com\/index.php?rest_route=\/wp\/v2\/types\/post"}],"author":[{"embeddable":true,"href":"https:\/\/www.egemtv.com\/index.php?rest_route=\/wp\/v2\/users\/1"}],"replies":[{"embeddable":true,"href":"https:\/\/www.egemtv.com\/index.php?rest_route=%2Fwp%2Fv2%2Fcomments&post=24869"}],"version-history":[{"count":1,"href":"https:\/\/www.egemtv.com\/index.php?rest_route=\/wp\/v2\/posts\/24869\/revisions"}],"predecessor-version":[{"id":24871,"href":"https:\/\/www.egemtv.com\/index.php?rest_route=\/wp\/v2\/posts\/24869\/revisions\/24871"}],"wp:featuredmedia":[{"embeddable":true,"href":"https:\/\/www.egemtv.com\/index.php?rest_route=\/wp\/v2\/media\/24870"}],"wp:attachment":[{"href":"https:\/\/www.egemtv.com\/index.php?rest_route=%2Fwp%2Fv2%2Fmedia&parent=24869"}],"wp:term":[{"taxonomy":"category","embeddable":true,"href":"https:\/\/www.egemtv.com\/index.php?rest_route=%2Fwp%2Fv2%2Fcategories&post=24869"},{"taxonomy":"post_tag","embeddable":true,"href":"https:\/\/www.egemtv.com\/index.php?rest_route=%2Fwp%2Fv2%2Ftags&post=24869"}],"curies":[{"name":"wp","href":"https:\/\/api.w.org\/{rel}","templated":true}]}}