{"id":24866,"date":"2025-03-08T22:14:24","date_gmt":"2025-03-08T19:14:24","guid":{"rendered":"https:\/\/www.egemtv.com\/?p=24866"},"modified":"2025-03-08T22:14:28","modified_gmt":"2025-03-08T19:14:28","slug":"chp-genel-baskani-ozelden-suriye-aciklamasi-hepimizin-yuregi-agzinda","status":"publish","type":"post","link":"https:\/\/www.egemtv.com\/?p=24866","title":{"rendered":"CHP Genel Ba\u015fkan\u0131 \u00d6zel\u2019den Suriye a\u00e7\u0131klamas\u0131: &#8220;Hepimizin y\u00fcre\u011fi a\u011fz\u0131nda&#8221;"},"content":{"rendered":"<p>CHP Genel Ba\u015fkan\u0131 \u00d6zg\u00fcr \u00d6zel, &#8220;Suriye\u2019de yeniden \u00e7at\u0131\u015fmalar\u0131n ba\u015flamas\u0131yla hepimizin y\u00fcre\u011fi a\u011f\u0131zlar\u0131nda. Endi\u015fe ile tedirginlikle izliyoruz. Orada derhal yeniden s\u00fckunetin hakim olmas\u0131n\u0131, \u00e7at\u0131\u015fmalar\u0131n durmas\u0131n\u0131 bekliyoruz&#8221; dedi.<br \/>\n<br \/>CHP Genel Ba\u015fkan\u0131 \u00d6zg\u00fcr \u00d6zel, Manisa Cumhuriyet Meydan\u0131\u2019nda Manisa B\u00fcy\u00fck\u015fehir Belediyesinin d\u00fczenledi\u011fi iftar program\u0131na kat\u0131ld\u0131. Burada konu\u015fan \u00d6zel, &#8220;G\u00fcn olup 2004 y\u0131l\u0131nda y\u00fczde 6 oy ald\u0131\u011f\u0131m\u0131z bu \u015fehri y\u00fczde 60 oyla Ferdi ba\u015fkana emanet edildi\u011fini g\u00f6rd\u00fck. B\u00fcy\u00fck bir memnuniyet duyuyoruz. Burada bu b\u00fcy\u00fck \u00e7ad\u0131r \u00e7ok anlaml\u0131d\u0131r. Hayat \u015fartlar\u0131 zordur. Maalesef enflasyon canavar\u0131 halen \u00e7ok ac\u0131mas\u0131zd\u0131r. Fiyatlar y\u00fcksektir. Ger\u00e7ek enflasyon y\u00fczde 80\u2019in \u00fczerindedir. Bug\u00fcn en d\u00fc\u015f\u00fck emekli maa\u015f\u0131 alan emekli maalesef 14 bin 500 lira ile ge\u00e7inmek, asgari \u00fccretli 22 bin lira ile \u00e7ocuklar\u0131n\u0131 b\u00fcy\u00fctmek, okutmak, ev kiras\u0131 vermek, onlar\u0131 giydirmek, gezdirmek zorundad\u0131r. Bu \u015fartlar alt\u0131nda sosyal belediyecili\u011fin, vatanda\u015f\u0131n s\u0131k\u0131nt\u0131lar\u0131n\u0131 g\u00f6ren, onunla dayan\u0131\u015fma i\u00e7inde olan belediyecili\u011fin anlam\u0131 b\u00fcy\u00fckt\u00fcr&#8221; dedi.<\/p>\n<p>&#8220;Tedirginlikle izliyoruz&#8221;<br \/>\n<br \/>D\u00fcnyan\u0131n \u00e7ok k\u00f6t\u00fc d\u00f6nemlerden ge\u00e7ti\u011fini belirten \u00d6zel, &#8220;Ukrayna\u2019da sava\u015f var. Filistin\u2019de sava\u015f var. Suriye\u2019de sava\u015f var. \u015eu anda birka\u00e7 g\u00fcnd\u00fcr Suriye\u2019de yeniden \u00e7at\u0131\u015fmalar\u0131n ba\u015flamas\u0131yla hepimizin y\u00fcre\u011fi a\u011f\u0131zlar\u0131nda. Endi\u015fe ile izliyoruz. Tedirginlikle izliyoruz. Orada derhal yeniden s\u00fckunetin hakim olmas\u0131n\u0131, \u00e7at\u0131\u015fmalar\u0131n durmas\u0131n\u0131 bekliyoruz. M\u00fcsl\u00fcman\u0131n M\u00fcsl\u00fcmana ate\u015f etti\u011fi, karde\u015fin karde\u015fi katletti\u011fi, karde\u015f kan\u0131n\u0131n akt\u0131\u011f\u0131 bir co\u011frafya istemiyoruz. Oralar\u0131 kar\u0131\u015ft\u0131ranlar\u0131n kimler oldu\u011funu biliyoruz. Ayr\u0131ca Filistin\u2019de Filistin topraklar\u0131n\u0131 Trump\u2019\u0131n i\u015fgal etmek istedi\u011fini, Filistinlileri civardaki \u00fclkelere s\u00fcrmek istedi\u011fini, oraya kendi hayallerine uygun \u015feyler yap\u0131p oray\u0131 s\u00f6m\u00fcrmek istedi\u011fini g\u00f6r\u00fcyoruz. T\u00fcrkiye buna sessiz kalmamal\u0131d\u0131r. T\u00fcrkiye; \u0130srail\u2019in devlet ter\u00f6r\u00fcne, Trump\u2019\u0131n Ortado\u011fu hayallerine sessiz kalmamal\u0131d\u0131r. Yaser Arafat ile B\u00fclent Ecevit\u2019in dostlu\u011fundan beri, Deniz Gezmi\u015f\u2019in Filistin davas\u0131na sahip \u00e7\u0131kmas\u0131ndan beri Cumhuriyet Halk Partisi ve T\u00fcrkiye solu, Filistin davas\u0131n\u0131n yan\u0131nda, Filistinlilerin arkas\u0131ndad\u0131r. Bunu bir kez daha ifade etmek istiyorum&#8221; diye konu\u015ftu.<br \/><\/p>\n","protected":false},"excerpt":{"rendered":"<p>CHP Genel Ba\u015fkan\u0131 \u00d6zg\u00fcr \u00d6zel, &#8220;Suriye\u2019de yeniden \u00e7at\u0131\u015fmalar\u0131n ba\u015flamas\u0131yla hepimizin y\u00fcre\u011fi a\u011f\u0131zlar\u0131nda. Endi\u015fe ile tedirginlikle izliyoruz. Orada derhal yeniden s\u00fckunetin hakim olmas\u0131n\u0131, \u00e7at\u0131\u015fmalar\u0131n durmas\u0131n\u0131 bekliyoruz&#8221; dedi. CHP Genel Ba\u015fkan\u0131 \u00d6zg\u00fcr \u00d6zel, Manisa Cumhuriyet Meydan\u0131\u2019nda Manisa B\u00fcy\u00fck\u015fehir Belediyesinin d\u00fczenledi\u011fi iftar program\u0131na kat\u0131ld\u0131. Burada konu\u015fan \u00d6zel, &#8220;G\u00fcn olup 2004 y\u0131l\u0131nda y\u00fczde 6 oy ald\u0131\u011f\u0131m\u0131z bu \u015fehri y\u00fczde&#8230;<\/p>\n","protected":false},"author":1,"featured_media":24867,"comment_status":"open","ping_status":"open","sticky":false,"template":"","format":"standard","meta":{"_crdt_document":"","footnotes":""},"categories":[127],"tags":[],"class_list":["post-24866","post","type-post","status-publish","format-standard","has-post-thumbnail","hentry","category-siyaset"],"_links":{"self":[{"href":"https:\/\/www.egemtv.com\/index.php?rest_route=\/wp\/v2\/posts\/24866","targetHints":{"allow":["GET"]}}],"collection":[{"href":"https:\/\/www.egemtv.com\/index.php?rest_route=\/wp\/v2\/posts"}],"about":[{"href":"https:\/\/www.egemtv.com\/index.php?rest_route=\/wp\/v2\/types\/post"}],"author":[{"embeddable":true,"href":"https:\/\/www.egemtv.com\/index.php?rest_route=\/wp\/v2\/users\/1"}],"replies":[{"embeddable":true,"href":"https:\/\/www.egemtv.com\/index.php?rest_route=%2Fwp%2Fv2%2Fcomments&post=24866"}],"version-history":[{"count":1,"href":"https:\/\/www.egemtv.com\/index.php?rest_route=\/wp\/v2\/posts\/24866\/revisions"}],"predecessor-version":[{"id":24868,"href":"https:\/\/www.egemtv.com\/index.php?rest_route=\/wp\/v2\/posts\/24866\/revisions\/24868"}],"wp:featuredmedia":[{"embeddable":true,"href":"https:\/\/www.egemtv.com\/index.php?rest_route=\/wp\/v2\/media\/24867"}],"wp:attachment":[{"href":"https:\/\/www.egemtv.com\/index.php?rest_route=%2Fwp%2Fv2%2Fmedia&parent=24866"}],"wp:term":[{"taxonomy":"category","embeddable":true,"href":"https:\/\/www.egemtv.com\/index.php?rest_route=%2Fwp%2Fv2%2Fcategories&post=24866"},{"taxonomy":"post_tag","embeddable":true,"href":"https:\/\/www.egemtv.com\/index.php?rest_route=%2Fwp%2Fv2%2Ftags&post=24866"}],"curies":[{"name":"wp","href":"https:\/\/api.w.org\/{rel}","templated":true}]}}