{"id":24863,"date":"2025-03-08T22:14:20","date_gmt":"2025-03-08T19:14:20","guid":{"rendered":"https:\/\/www.egemtv.com\/?p=24863"},"modified":"2025-03-08T22:14:24","modified_gmt":"2025-03-08T19:14:24","slug":"aliaga-helvacispor-bornova-deplasmanindan-galibiyetle-ayrildi","status":"publish","type":"post","link":"https:\/\/www.egemtv.com\/?p=24863","title":{"rendered":"Alia\u011fa Helvac\u0131spor, Bornova deplasman\u0131ndan galibiyetle ayr\u0131ld\u0131"},"content":{"rendered":"<p>\u0130zmir S\u00fcper Amat\u00f6r K\u00fcme 2. Grup\u2019ta m\u00fccadele eden Alia\u011fa Helvac\u0131spor, deplasmanda Bornova Hitabspor\u2019u 1-0 ma\u011flup ederek liderlik koltu\u011funu korudu.<br \/>\n<br \/>Bornova \u015eehir Stad\u0131\u2019nda oynanan kar\u015f\u0131la\u015fmaya her iki tak\u0131m da tempolu bir ba\u015flang\u0131\u00e7 yapt\u0131. \u0130lk yar\u0131da dengeli ge\u00e7en m\u00fccadelede, 45+2. dakikada Alia\u011fa Helvac\u0131spor\u2019un ata\u011f\u0131nda Ya\u011fmurcan Ta\u015f, att\u0131\u011f\u0131 golle tak\u0131m\u0131n\u0131 1-0 \u00f6ne ge\u00e7irdi. \u0130lk yar\u0131 bu skorla tamamland\u0131. \u0130kinci yar\u0131da da kar\u015f\u0131l\u0131kl\u0131 ataklar devam etse de her iki taraf da gol bulamad\u0131. Alia\u011fa Helvac\u0131spor, rakibinin savunmas\u0131n\u0131 a\u015famazken, Bornova Hitabspor da e\u015fitli\u011fi yakalayacak f\u0131rsatlar\u0131 de\u011ferlendiremedi. Ma\u00e7, 1-0\u2019l\u0131k skorla sona erdi ve Alia\u011fa Helvac\u0131spor sahadan galibiyetle ayr\u0131ld\u0131.<br \/>\n<br \/>Bu sonu\u00e7la Alia\u011fa Helvac\u0131spor 48 puana ula\u015f\u0131rken, Bornova Hitabspor 7 puanda kalarak alt s\u0131ralardaki yerini de\u011fi\u015ftiremedi.<br \/><\/p>\n","protected":false},"excerpt":{"rendered":"<p>\u0130zmir S\u00fcper Amat\u00f6r K\u00fcme 2. Grup\u2019ta m\u00fccadele eden Alia\u011fa Helvac\u0131spor, deplasmanda Bornova Hitabspor\u2019u 1-0 ma\u011flup ederek liderlik koltu\u011funu korudu. Bornova \u015eehir Stad\u0131\u2019nda oynanan kar\u015f\u0131la\u015fmaya her iki tak\u0131m da tempolu bir ba\u015flang\u0131\u00e7 yapt\u0131. \u0130lk yar\u0131da dengeli ge\u00e7en m\u00fccadelede, 45+2. dakikada Alia\u011fa Helvac\u0131spor\u2019un ata\u011f\u0131nda Ya\u011fmurcan Ta\u015f, att\u0131\u011f\u0131 golle tak\u0131m\u0131n\u0131 1-0 \u00f6ne ge\u00e7irdi. \u0130lk yar\u0131 bu skorla tamamland\u0131&#8230;.<\/p>\n","protected":false},"author":1,"featured_media":24864,"comment_status":"open","ping_status":"open","sticky":false,"template":"","format":"standard","meta":{"_crdt_document":"","footnotes":""},"categories":[4],"tags":[],"class_list":["post-24863","post","type-post","status-publish","format-standard","has-post-thumbnail","hentry","category-spor"],"_links":{"self":[{"href":"https:\/\/www.egemtv.com\/index.php?rest_route=\/wp\/v2\/posts\/24863","targetHints":{"allow":["GET"]}}],"collection":[{"href":"https:\/\/www.egemtv.com\/index.php?rest_route=\/wp\/v2\/posts"}],"about":[{"href":"https:\/\/www.egemtv.com\/index.php?rest_route=\/wp\/v2\/types\/post"}],"author":[{"embeddable":true,"href":"https:\/\/www.egemtv.com\/index.php?rest_route=\/wp\/v2\/users\/1"}],"replies":[{"embeddable":true,"href":"https:\/\/www.egemtv.com\/index.php?rest_route=%2Fwp%2Fv2%2Fcomments&post=24863"}],"version-history":[{"count":1,"href":"https:\/\/www.egemtv.com\/index.php?rest_route=\/wp\/v2\/posts\/24863\/revisions"}],"predecessor-version":[{"id":24865,"href":"https:\/\/www.egemtv.com\/index.php?rest_route=\/wp\/v2\/posts\/24863\/revisions\/24865"}],"wp:featuredmedia":[{"embeddable":true,"href":"https:\/\/www.egemtv.com\/index.php?rest_route=\/wp\/v2\/media\/24864"}],"wp:attachment":[{"href":"https:\/\/www.egemtv.com\/index.php?rest_route=%2Fwp%2Fv2%2Fmedia&parent=24863"}],"wp:term":[{"taxonomy":"category","embeddable":true,"href":"https:\/\/www.egemtv.com\/index.php?rest_route=%2Fwp%2Fv2%2Fcategories&post=24863"},{"taxonomy":"post_tag","embeddable":true,"href":"https:\/\/www.egemtv.com\/index.php?rest_route=%2Fwp%2Fv2%2Ftags&post=24863"}],"curies":[{"name":"wp","href":"https:\/\/api.w.org\/{rel}","templated":true}]}}