{"id":24857,"date":"2025-03-08T21:26:14","date_gmt":"2025-03-08T18:26:14","guid":{"rendered":"https:\/\/www.egemtv.com\/?p=24857"},"modified":"2025-03-08T21:26:18","modified_gmt":"2025-03-08T18:26:18","slug":"aydin-buyuksehir-belediyesi-bozdoganda-iftar-sofrasi-kurmaya-devam-ediyor","status":"publish","type":"post","link":"https:\/\/www.egemtv.com\/?p=24857","title":{"rendered":"Ayd\u0131n B\u00fcy\u00fck\u015fehir Belediyesi Bozdo\u011fan\u2019da iftar sofras\u0131 kurmaya devam ediyor"},"content":{"rendered":"<p>Ayd\u0131n B\u00fcy\u00fck\u015fehir Belediyesi, Ramazan ay\u0131n\u0131n manevi atmosferini payla\u015fmak ve dayan\u0131\u015fma ruhunu g\u00fc\u00e7lendirmek amac\u0131yla Bozdo\u011fan Amasya Mahallesi\u2019nde iftar sofras\u0131 kurdu.<br \/>\n<br \/>Yo\u011fun kat\u0131l\u0131m\u0131n oldu\u011fu programa mahalle sakinleri b\u00fcy\u00fck ilgi g\u00f6sterirken, Bozdo\u011fan Belediye Meclis \u00fcyeleri ve mahalle muhtar\u0131 da vatanda\u015flarla birlikte oru\u00e7 a\u00e7t\u0131. Bereketin ve payla\u015fman\u0131n simgesi olan iftar sofras\u0131nda, mahalle halk\u0131 bir araya gelerek oru\u00e7lar\u0131n\u0131 a\u00e7t\u0131. Vatanda\u015flar iftar program\u0131ndan duyduklar\u0131 memnuniyeti dile getirerek, Ayd\u0131n B\u00fcy\u00fck\u015fehir Belediye Ba\u015fkan\u0131 \u00d6zlem \u00c7er\u00e7io\u011flu\u2019na bu anlaml\u0131 organizasyon i\u00e7in te\u015fekk\u00fcr etti. Ayd\u0131n B\u00fcy\u00fck\u015fehir Belediyesi, Ramazan ay\u0131 boyunca farkl\u0131 mahallelerde iftar sofralar\u0131 kurarak vatanda\u015flar\u0131 ayn\u0131 sofrada bulu\u015fturmaya devam edecek.<br \/><\/p>\n","protected":false},"excerpt":{"rendered":"<p>Ayd\u0131n B\u00fcy\u00fck\u015fehir Belediyesi, Ramazan ay\u0131n\u0131n manevi atmosferini payla\u015fmak ve dayan\u0131\u015fma ruhunu g\u00fc\u00e7lendirmek amac\u0131yla Bozdo\u011fan Amasya Mahallesi\u2019nde iftar sofras\u0131 kurdu. Yo\u011fun kat\u0131l\u0131m\u0131n oldu\u011fu programa mahalle sakinleri b\u00fcy\u00fck ilgi g\u00f6sterirken, Bozdo\u011fan Belediye Meclis \u00fcyeleri ve mahalle muhtar\u0131 da vatanda\u015flarla birlikte oru\u00e7 a\u00e7t\u0131. Bereketin ve payla\u015fman\u0131n simgesi olan iftar sofras\u0131nda, mahalle halk\u0131 bir araya gelerek oru\u00e7lar\u0131n\u0131 a\u00e7t\u0131. Vatanda\u015flar&#8230;<\/p>\n","protected":false},"author":1,"featured_media":24858,"comment_status":"open","ping_status":"open","sticky":false,"template":"","format":"standard","meta":{"_crdt_document":"","footnotes":""},"categories":[1],"tags":[],"class_list":["post-24857","post","type-post","status-publish","format-standard","has-post-thumbnail","hentry","category-guncel"],"_links":{"self":[{"href":"https:\/\/www.egemtv.com\/index.php?rest_route=\/wp\/v2\/posts\/24857","targetHints":{"allow":["GET"]}}],"collection":[{"href":"https:\/\/www.egemtv.com\/index.php?rest_route=\/wp\/v2\/posts"}],"about":[{"href":"https:\/\/www.egemtv.com\/index.php?rest_route=\/wp\/v2\/types\/post"}],"author":[{"embeddable":true,"href":"https:\/\/www.egemtv.com\/index.php?rest_route=\/wp\/v2\/users\/1"}],"replies":[{"embeddable":true,"href":"https:\/\/www.egemtv.com\/index.php?rest_route=%2Fwp%2Fv2%2Fcomments&post=24857"}],"version-history":[{"count":1,"href":"https:\/\/www.egemtv.com\/index.php?rest_route=\/wp\/v2\/posts\/24857\/revisions"}],"predecessor-version":[{"id":24859,"href":"https:\/\/www.egemtv.com\/index.php?rest_route=\/wp\/v2\/posts\/24857\/revisions\/24859"}],"wp:featuredmedia":[{"embeddable":true,"href":"https:\/\/www.egemtv.com\/index.php?rest_route=\/wp\/v2\/media\/24858"}],"wp:attachment":[{"href":"https:\/\/www.egemtv.com\/index.php?rest_route=%2Fwp%2Fv2%2Fmedia&parent=24857"}],"wp:term":[{"taxonomy":"category","embeddable":true,"href":"https:\/\/www.egemtv.com\/index.php?rest_route=%2Fwp%2Fv2%2Fcategories&post=24857"},{"taxonomy":"post_tag","embeddable":true,"href":"https:\/\/www.egemtv.com\/index.php?rest_route=%2Fwp%2Fv2%2Ftags&post=24857"}],"curies":[{"name":"wp","href":"https:\/\/api.w.org\/{rel}","templated":true}]}}