{"id":24854,"date":"2025-03-08T20:44:56","date_gmt":"2025-03-08T17:44:56","guid":{"rendered":"https:\/\/www.egemtv.com\/?p=24854"},"modified":"2025-03-08T20:45:00","modified_gmt":"2025-03-08T17:45:00","slug":"merkezefendide-fatih-erkoctan-unutulmaz-ramazan-konseri","status":"publish","type":"post","link":"https:\/\/www.egemtv.com\/?p=24854","title":{"rendered":"Merkezefendi\u2019de Fatih Erko\u00e7\u2019tan unutulmaz Ramazan konseri"},"content":{"rendered":"<p>Merkezefendi Belediyesi\u2019nin Ramazan ay\u0131 \u00f6zel etkinlikleri kapsam\u0131nda, T\u00fcrk m\u00fczi\u011finin sevilen ismi Fatih Erko\u00e7, Merkezefendi K\u00fclt\u00fcr Merkezi\u2019nde sahne ald\u0131. Sevilen sanat\u00e7\u0131n\u0131n seslendirdi\u011fi \u015fark\u0131lar ile herkesin keyif ald\u0131\u011f\u0131n\u0131 ifade eden Ba\u015fkan Do\u011fan, &#8220;Sanat\u00e7\u0131m\u0131z Fatih Erko\u00e7 ve ekibine, bizleri bu g\u00fczel ak\u015famda yaln\u0131z b\u0131rakmayan t\u00fcm dostlar\u0131m\u0131za te\u015fekk\u00fcr ediyorum&#8221; dedi.<\/p>\n<p>\u0130l\u00e7e genelindeki \u00e7al\u0131\u015fmalar\u0131n\u0131 s\u00fcrd\u00fcren Merkezefendi Belediyesi sanat ve k\u00fclt\u00fcr etkinliklerine devam ediyor. Merkezefendi Belediyesi\u2019nin d\u00fczenledi\u011fi Ramazan Ay\u0131 \u00d6zel Program\u0131 kapsam\u0131nda T\u00fcrkiye\u2019nin sevilen sanat\u00e7\u0131s\u0131 Fatih Erko\u00e7 sahne ald\u0131. Merkezefendi K\u00fclt\u00fcr Merkezi\u2019ndeki konsere Merkezefendi Belediye Ba\u015fkan\u0131 \u015eeniz Do\u011fan, Bozkurt Belediye Ba\u015fkan\u0131 Birsen \u00c7elik, Merkezefendi Belediye Ba\u015fkan Yard\u0131mc\u0131lar\u0131, meclis \u00fcyeleri ve \u00e7ok say\u0131da vatanda\u015f kat\u0131ld\u0131.<br \/>\n<br \/>Ger\u00e7ekle\u015ftirilen konsere Merkezefendili ve Denizlili vatanda\u015flar yo\u011fun ilgi g\u00f6sterdi. Salonu dolduran m\u00fczikseverler, Fatih Erko\u00e7\u2019un e\u015fsiz yorumu ve g\u00fc\u00e7l\u00fc sesiyle keyifli bir Ramazan ak\u015fam\u0131 ya\u015fad\u0131. Erko\u00e7, sevilen \u015fark\u0131lar\u0131n\u0131n yan\u0131 s\u0131ra Ramazan ay\u0131na \u00f6zel eserler de seslendirerek dinleyicilerden b\u00fcy\u00fck alk\u0131\u015f ald\u0131.<\/p>\n<p>&#8220;Ramazan ay\u0131na yak\u0131\u015f\u0131r bir ak\u015fam&#8221;<br \/>\n<br \/>Ramazan ay\u0131n\u0131n huzurunu ve birlikteli\u011fini ya\u015fad\u0131klar\u0131n\u0131 belirten Merkezefendi Belediye Ba\u015fkan\u0131 \u015eeniz Do\u011fan, &#8220;Hepinize hay\u0131rl\u0131 Ramazanlar diliyorum. Bu ak\u015fam, Merkezefendi Belediyesi olarak Ramazan ay\u0131n\u0131n manevi atmosferine yak\u0131\u015f\u0131r, g\u00f6n\u00fcllerimizi co\u015fturan, ruhumuzu dinlendiren \u00f6zel bir geceye ev sahipli\u011fi yapman\u0131n mutlulu\u011funu ya\u015f\u0131yoruz. Hep birlikte de\u011ferli sanat\u00e7\u0131m\u0131z Fatih Erko\u00e7\u2019un \u015fark\u0131lar\u0131n\u0131 dinledik. Erko\u00e7\u2019u il\u00e7emizde, bu merkezimizde konuk etmek; hem\u015fehrilerimizin yo\u011fun ilgi g\u00f6stermesi bizi memnun etti. Sanat\u00e7\u0131m\u0131z Fatih Erko\u00e7 ve ekibine, bizleri bu g\u00fczel ak\u015famda yaln\u0131z b\u0131rakmayan t\u00fcm dostlar\u0131m\u0131za te\u015fekk\u00fcr ediyorum&#8221; ifadelerini kulland\u0131.<br \/><\/p>\n","protected":false},"excerpt":{"rendered":"<p>Merkezefendi Belediyesi\u2019nin Ramazan ay\u0131 \u00f6zel etkinlikleri kapsam\u0131nda, T\u00fcrk m\u00fczi\u011finin sevilen ismi Fatih Erko\u00e7, Merkezefendi K\u00fclt\u00fcr Merkezi\u2019nde sahne ald\u0131. Sevilen sanat\u00e7\u0131n\u0131n seslendirdi\u011fi \u015fark\u0131lar ile herkesin keyif ald\u0131\u011f\u0131n\u0131 ifade eden Ba\u015fkan Do\u011fan, &#8220;Sanat\u00e7\u0131m\u0131z Fatih Erko\u00e7 ve ekibine, bizleri bu g\u00fczel ak\u015famda yaln\u0131z b\u0131rakmayan t\u00fcm dostlar\u0131m\u0131za te\u015fekk\u00fcr ediyorum&#8221; dedi. \u0130l\u00e7e genelindeki \u00e7al\u0131\u015fmalar\u0131n\u0131 s\u00fcrd\u00fcren Merkezefendi Belediyesi sanat ve k\u00fclt\u00fcr&#8230;<\/p>\n","protected":false},"author":1,"featured_media":24855,"comment_status":"open","ping_status":"open","sticky":false,"template":"","format":"standard","meta":{"_crdt_document":"","footnotes":""},"categories":[1],"tags":[],"class_list":["post-24854","post","type-post","status-publish","format-standard","has-post-thumbnail","hentry","category-guncel"],"_links":{"self":[{"href":"https:\/\/www.egemtv.com\/index.php?rest_route=\/wp\/v2\/posts\/24854","targetHints":{"allow":["GET"]}}],"collection":[{"href":"https:\/\/www.egemtv.com\/index.php?rest_route=\/wp\/v2\/posts"}],"about":[{"href":"https:\/\/www.egemtv.com\/index.php?rest_route=\/wp\/v2\/types\/post"}],"author":[{"embeddable":true,"href":"https:\/\/www.egemtv.com\/index.php?rest_route=\/wp\/v2\/users\/1"}],"replies":[{"embeddable":true,"href":"https:\/\/www.egemtv.com\/index.php?rest_route=%2Fwp%2Fv2%2Fcomments&post=24854"}],"version-history":[{"count":1,"href":"https:\/\/www.egemtv.com\/index.php?rest_route=\/wp\/v2\/posts\/24854\/revisions"}],"predecessor-version":[{"id":24856,"href":"https:\/\/www.egemtv.com\/index.php?rest_route=\/wp\/v2\/posts\/24854\/revisions\/24856"}],"wp:featuredmedia":[{"embeddable":true,"href":"https:\/\/www.egemtv.com\/index.php?rest_route=\/wp\/v2\/media\/24855"}],"wp:attachment":[{"href":"https:\/\/www.egemtv.com\/index.php?rest_route=%2Fwp%2Fv2%2Fmedia&parent=24854"}],"wp:term":[{"taxonomy":"category","embeddable":true,"href":"https:\/\/www.egemtv.com\/index.php?rest_route=%2Fwp%2Fv2%2Fcategories&post=24854"},{"taxonomy":"post_tag","embeddable":true,"href":"https:\/\/www.egemtv.com\/index.php?rest_route=%2Fwp%2Fv2%2Ftags&post=24854"}],"curies":[{"name":"wp","href":"https:\/\/api.w.org\/{rel}","templated":true}]}}