{"id":24851,"date":"2025-03-08T20:28:12","date_gmt":"2025-03-08T17:28:12","guid":{"rendered":"https:\/\/www.egemtv.com\/?p=24851"},"modified":"2025-03-08T20:28:21","modified_gmt":"2025-03-08T17:28:21","slug":"kent-konseyi-kadin-meclisi-kadinlarin-sergisinde-bulustu","status":"publish","type":"post","link":"https:\/\/www.egemtv.com\/?p=24851","title":{"rendered":"Kent Konseyi Kad\u0131n Meclisi kad\u0131nlar\u0131n sergisinde bulu\u015ftu"},"content":{"rendered":"<p>Denizlili kad\u0131nlar, 8 Mart D\u00fcnya Emek\u00e7i Kad\u0131nlar G\u00fcn\u00fc\u2019nde B\u00fcy\u00fck\u015fehir Belediyesi Kent Konseyi Kad\u0131n Meclisi\u2019nin d\u00fczenledi\u011fi anma program\u0131nda bir araya geldi.<br \/>\n<br \/>Denizli B\u00fcy\u00fck\u015fehir Belediyesi Kent Konseyi Kad\u0131n Meclisi, 8 Mart D\u00fcnya Emek\u00e7i Kad\u0131nlar G\u00fcn\u00fc etkinlikleri kapsam\u0131nda Delikli\u00e7\u0131nar Meydan\u0131\u2019nda bir araya geldi. \u00c7elenk sunma t\u00f6renine Denizli B\u00fcy\u00fck\u015fehir Belediye Ba\u015fkanvekili ve Kent Konseyi Ba\u015fkan\u0131 Ali Mar\u0131m, Genel Sekreter Yard\u0131mc\u0131s\u0131 \u00d6zg\u00fcr Ba\u015fkurt, Kent Konseyi Kad\u0131n Meclisi Ba\u015fkan\u0131 Meral Alten, Kad\u0131n Meclisi y\u00fcr\u00fctme kurulu \u00fcyeleri, siyasi parti temsilcileri, sivil toplum kurulu\u015fu temsilcileri ve \u00e7ok say\u0131da kad\u0131n kat\u0131ld\u0131. Denizli B\u00fcy\u00fck\u015fehir Belediyesi Kent Konseyi Kad\u0131n Meclisi Ba\u015fkan\u0131 Meral Alten\u2019in Atat\u00fcrk An\u0131t\u0131\u2019na \u00e7elenk sunmas\u0131, sayg\u0131 duru\u015fu ve \u0130stiklal Mar\u015f\u0131\u2019n\u0131n okunmas\u0131yla ba\u015flayan t\u00f6rende Denizli B\u00fcy\u00fck\u015fehir Belediyesi Halk Oyunlar\u0131 Toplulu\u011fu taraf\u0131ndan halk oyunlar\u0131 g\u00f6sterisi sunuldu.<\/p>\n<p>&#8220;8 Mart sadece bir kutlama g\u00fcn\u00fc de\u011fil&#8221;<br \/>\n<br \/>Denizli B\u00fcy\u00fck\u015fehir Belediyesi Kent Konseyi Kad\u0131n Meclisi Ba\u015fkan\u0131 Meral Alten, burada yapt\u0131\u011f\u0131 konu\u015fmada, 1857 y\u0131l\u0131nda Amerika\u2019da 129 kad\u0131n\u0131n ya\u015fam\u0131n\u0131 yitirmesiyle ba\u015flayan 8 Mart Kad\u0131nlar G\u00fcn\u00fcn\u00fcn tarihi s\u00fcrecini anlatt\u0131. Alten, &#8221; 8 Mart yaln\u0131zca bir kutlama g\u00fcn\u00fc de\u011fil, kad\u0131nlar\u0131n insan haklar\u0131 m\u00fccadelesinin en \u00f6nemli simgelerinden biridir. Bug\u00fcn hala kad\u0131nlar en temel hakk\u0131 ya\u015fam hakk\u0131 i\u00e7in m\u00fccadele etmek zorunda kal\u0131yor. Kad\u0131n cinayetleri her ge\u00e7en g\u00fcn artarken cayd\u0131r\u0131c\u0131 yasalar\u0131n tam anlam\u0131yla uygulanmad\u0131\u011f\u0131n\u0131 g\u00f6r\u00fcyoruz.  \u0130stanbul S\u00f6zle\u015fmesi ve 6284 say\u0131l\u0131 kanun ba\u015fta olmak \u00fczere kad\u0131nlar\u0131 koruyan t\u00fcm yasal d\u00fczenlemelerin etkin bir \u015fekilde uygulanmas\u0131n\u0131 talep ediyoruz &#8221; diye konu\u015ftu.<\/p>\n<p>&#8220;Atat\u00fcrk\u2019\u00fcn kad\u0131nlara verdi\u011fi o de\u011feri yerine getirebilmek i\u00e7in gayret ediyoruz&#8221;<br \/>\n<br \/>Denizli B\u00fcy\u00fck\u015fehir Belediye Ba\u015fkanvekili ve Kent Konseyi Ba\u015fkan\u0131 Ali Mar\u0131m ise, t\u00fcm kad\u0131nlar\u0131n 8 Mart Emek\u00e7i Kad\u0131nlar G\u00fcn\u00fc\u2019n\u00fc kutlayarak, &#8220;D\u00fcnyada ilk kez T\u00fcrk kad\u0131n\u0131na se\u00e7me ve se\u00e7ilme hakk\u0131n\u0131 Cumhuriyetimizin kurucusu Gazi Mustafa Kemal Atat\u00fcrk vermi\u015ftir. Y\u0131llar sonra \u00e7a\u011fda\u015f dedi\u011fimiz milletler Atat\u00fcrk\u2019\u00fcn kad\u0131nlara verdi\u011fi bu hakk\u0131 oradaki insanlar m\u00fccadele ile alabilmi\u015ftir.  Kad\u0131nlar\u0131n olmad\u0131\u011f\u0131 yerde ba\u015far\u0131, sevgi, sayg\u0131 yoktur. Bizler Mustafa Kemal Atat\u00fcrk\u2019\u00fcn kad\u0131nlara verdi\u011fi o de\u011feri yerine getirebilmek i\u00e7in gayret ediyoruz&#8221; ifadelerini kulland\u0131.<\/p>\n<p>El eme\u011fi g\u00f6z nuru eserler sergileniyor<br \/>\n<br \/>Konu\u015fmalar\u0131n ard\u0131ndan Turan Bahad\u0131r Sanat Galerisi\u2019nde 8 Mart i\u00e7in kad\u0131n kursiyerler taraf\u0131ndan haz\u0131rlanan B\u00fcy\u00fck\u015fehir Belediyesi El Sanatlar\u0131 Kurslar\u0131 El Sanatlar\u0131 Sergisi a\u00e7\u0131ld\u0131. Ba\u015fkanvekili Mar\u0131m ve beraberindekiler sergiyi ziyaret ederek, daha sonra El Eme\u011fi Pazar\u0131\u2019n\u0131n Delikli\u00e7\u0131nar Meydan\u0131\u2019nda a\u00e7t\u0131\u011f\u0131 stantlar\u0131 gezdi, kad\u0131nlar\u0131n 8 Mart Emek\u00e7i Kad\u0131nlar G\u00fcn\u00fc\u2019n\u00fc kutlad\u0131.<br \/><\/p>\n","protected":false},"excerpt":{"rendered":"<p>Denizlili kad\u0131nlar, 8 Mart D\u00fcnya Emek\u00e7i Kad\u0131nlar G\u00fcn\u00fc\u2019nde B\u00fcy\u00fck\u015fehir Belediyesi Kent Konseyi Kad\u0131n Meclisi\u2019nin d\u00fczenledi\u011fi anma program\u0131nda bir araya geldi. Denizli B\u00fcy\u00fck\u015fehir Belediyesi Kent Konseyi Kad\u0131n Meclisi, 8 Mart D\u00fcnya Emek\u00e7i Kad\u0131nlar G\u00fcn\u00fc etkinlikleri kapsam\u0131nda Delikli\u00e7\u0131nar Meydan\u0131\u2019nda bir araya geldi. \u00c7elenk sunma t\u00f6renine Denizli B\u00fcy\u00fck\u015fehir Belediye Ba\u015fkanvekili ve Kent Konseyi Ba\u015fkan\u0131 Ali Mar\u0131m, Genel Sekreter&#8230;<\/p>\n","protected":false},"author":1,"featured_media":24852,"comment_status":"open","ping_status":"open","sticky":false,"template":"","format":"standard","meta":{"_crdt_document":"","footnotes":""},"categories":[1],"tags":[],"class_list":["post-24851","post","type-post","status-publish","format-standard","has-post-thumbnail","hentry","category-guncel"],"_links":{"self":[{"href":"https:\/\/www.egemtv.com\/index.php?rest_route=\/wp\/v2\/posts\/24851","targetHints":{"allow":["GET"]}}],"collection":[{"href":"https:\/\/www.egemtv.com\/index.php?rest_route=\/wp\/v2\/posts"}],"about":[{"href":"https:\/\/www.egemtv.com\/index.php?rest_route=\/wp\/v2\/types\/post"}],"author":[{"embeddable":true,"href":"https:\/\/www.egemtv.com\/index.php?rest_route=\/wp\/v2\/users\/1"}],"replies":[{"embeddable":true,"href":"https:\/\/www.egemtv.com\/index.php?rest_route=%2Fwp%2Fv2%2Fcomments&post=24851"}],"version-history":[{"count":1,"href":"https:\/\/www.egemtv.com\/index.php?rest_route=\/wp\/v2\/posts\/24851\/revisions"}],"predecessor-version":[{"id":24853,"href":"https:\/\/www.egemtv.com\/index.php?rest_route=\/wp\/v2\/posts\/24851\/revisions\/24853"}],"wp:featuredmedia":[{"embeddable":true,"href":"https:\/\/www.egemtv.com\/index.php?rest_route=\/wp\/v2\/media\/24852"}],"wp:attachment":[{"href":"https:\/\/www.egemtv.com\/index.php?rest_route=%2Fwp%2Fv2%2Fmedia&parent=24851"}],"wp:term":[{"taxonomy":"category","embeddable":true,"href":"https:\/\/www.egemtv.com\/index.php?rest_route=%2Fwp%2Fv2%2Fcategories&post=24851"},{"taxonomy":"post_tag","embeddable":true,"href":"https:\/\/www.egemtv.com\/index.php?rest_route=%2Fwp%2Fv2%2Ftags&post=24851"}],"curies":[{"name":"wp","href":"https:\/\/api.w.org\/{rel}","templated":true}]}}