{"id":24848,"date":"2025-03-08T20:09:28","date_gmt":"2025-03-08T17:09:28","guid":{"rendered":"https:\/\/www.egemtv.com\/?p=24848"},"modified":"2025-03-08T20:09:34","modified_gmt":"2025-03-08T17:09:34","slug":"kusadasinda-kadinlar-gunu-etkinliklerle-kutlandi","status":"publish","type":"post","link":"https:\/\/www.egemtv.com\/?p=24848","title":{"rendered":"Ku\u015fadas\u0131\u2019nda Kad\u0131nlar G\u00fcn\u00fc etkinliklerle kutland\u0131"},"content":{"rendered":"<p>Ku\u015fadas\u0131\u2019nda 8 Mart D\u00fcnya Emek\u00e7i Kad\u0131nlar G\u00fcn\u00fc, d\u00fczenlenen \u00e7e\u015fitli etkinliklerle kutland\u0131. Ku\u015fadas\u0131 Belediyesi\u2019nin katk\u0131lar\u0131yla Ku\u015fadas\u0131 Kad\u0131nca Olu\u015fumu taraf\u0131ndan ger\u00e7ekle\u015ftirilen etkinliklerde, kad\u0131na y\u00f6nelik \u015fiddet ve cinayetler ile \u0130stanbul S\u00f6zle\u015fmesi\u2019nin \u00f6nemine dikkat \u00e7ekildi.<\/p>\n<p>Ku\u015fadas\u0131\u2019nda 8 Mart D\u00fcnya Emek\u00e7i Kad\u0131nlar G\u00fcn\u00fc kutlamalar\u0131 kapsam\u0131nda ilk olarak Adag\u00f6l Mesire Alan\u0131\u2019nda, \u015fiddete u\u011frayan kad\u0131nlar ve \u00e7ocuklar\u0131n sahip oldu\u011fu 6284 Say\u0131l\u0131 Kanuna dikkat \u00e7ekmek i\u00e7in \u2018Ya\u015fam Hak Ko\u015fusu\u2019 yap\u0131ld\u0131. Ku\u015fadal\u0131lar\u0131n yo\u011fun ilgi g\u00f6sterdi\u011fi ko\u015funun start\u0131n\u0131 Ku\u015fadas\u0131 Belediye Ba\u015fkan Yard\u0131mc\u0131s\u0131 Ay\u015feg\u00fcl Da\u011fl\u0131 ve Ku\u015fadas\u0131 Kad\u0131nca Olu\u015fumu Onursal Ba\u015fkan\u0131 Duygu G\u00fcnel verdi. Etkinlikten sonra ko\u015fuya kat\u0131lanlara te\u015fekk\u00fcr belgesi takdim edildi.<\/p>\n<p>8 Mart D\u00fcnya Emek\u00e7i Kad\u0131nlar G\u00fcn\u00fc kutlamalar\u0131, daha sonra K\u0131smet Otel Kav\u015fa\u011f\u0131\u2019ndan ba\u015flayarak \u0130smail Cem Dostluk ve Bar\u0131\u015f Meydan\u0131\u2019nda sona eren kortej y\u00fcr\u00fcy\u00fc\u015f\u00fcyle devam etti. Bir \u00e7ok sivil toplum kurulu\u015funun yer ald\u0131\u011f\u0131 korteje Ku\u015fadas\u0131 Belediye Ba\u015fkan Yard\u0131mc\u0131s\u0131 Ay\u015feg\u00fcl Da\u011fl\u0131 ve Ku\u015fadas\u0131 Kad\u0131nca Olu\u015fumu Onursal Ba\u015fkan\u0131 Duygu G\u00fcnel de kat\u0131ld\u0131. Renkli g\u00f6r\u00fcnt\u00fclere sahne olan kortejde kad\u0131nlar, ellerinde ta\u015f\u0131d\u0131klar\u0131 mor renkli d\u00f6vizler ve att\u0131klar\u0131 sloganlarla T\u00fcrkiye\u2019de ya\u015fanan kad\u0131n cinayetlerine ve kad\u0131na y\u00f6nelik \u015fiddete dikkat \u00e7ekti.<\/p>\n<p>Kortejin ard\u0131ndan Ku\u015fadal\u0131 kad\u0131nlar, El Heykeli \u00f6n\u00fcnde Atlas Folk K\u00fclt\u00fcr Sanat Ekibi\u2019nin verdi\u011fi m\u00fczik konseriyle g\u00f6n\u00fcllerince e\u011flendi. Kutlama etkinliklerine kat\u0131lan kad\u0131nlar, 8 Mart\u2019a \u00f6zel olarak haz\u0131rlanan panoya renkli boyalar kullanarak el izlerini de b\u0131rakt\u0131. Ku\u015fadas\u0131 Belediye Ba\u015fkan\u0131 \u00d6mer G\u00fcnel\u2019in hediyesi olarak kad\u0131nlara sukulent \u00e7i\u00e7e\u011finin da\u011f\u0131t\u0131ld\u0131\u011f\u0131 etkinlikler, \u0130bramaki Sanat Galerisi\u2019nde kad\u0131n aktivist Selver Savran an\u0131s\u0131na d\u00fczenlenen \u015fiir okumalar\u0131yla son buldu.<\/p>\n<p>&#8220;Kad\u0131n toplumun birle\u015ftirici ve koruyucu unsurudur&#8221;<br \/>\n<br \/>8 Mart D\u00fcnya Emek\u00e7i Kad\u0131nlar G\u00fcn\u00fc nedeniyle bir bas\u0131n a\u00e7\u0131klamas\u0131 yapan Ku\u015fadas\u0131 Kad\u0131nca Olu\u015fumu Onursal Ba\u015fkan\u0131 Duygu G\u00fcnel, &#8220;Kad\u0131n bir toplumun y\u00f6nlendirici, birle\u015ftirici ve koruyucu unsurudur. Kad\u0131nlar\u0131 toplumsal hayat\u0131n d\u0131\u015f\u0131na iten ayr\u0131mc\u0131 ve cinsiyet\u00e7i politikalardan bir an \u00f6nce vazge\u00e7ilmelidir. Bu d\u00fc\u015f\u00fcnceyle \u00fclkemizde toplumsal cinsiyet e\u015fitli\u011fi politikalar\u0131n\u0131n samimiyetle uygulanmas\u0131 gerekmektedir. Kad\u0131n cinayetleri maalesef \u00fclkemizde hala \u00f6nlenemedi\u011fi gibi artarak devam etmektedir. Kad\u0131n\u0131 e\u015fit ve \u00f6zg\u00fcr bir birey olarak g\u00f6rmeye tahamm\u00fcl\u00fc olmayan zihniyet de g\u00fcn ge\u00e7tik\u00e7e belirli odaklar taraf\u0131ndan beslenmektedir. Bu nedenle kad\u0131nlar\u0131n ya\u015fam haklar\u0131n\u0131n g\u00fcvencesi olan \u0130stanbul S\u00f6zle\u015fmesi ve 6284 say\u0131l\u0131 yasaya y\u00f6nelik tart\u0131\u015fmalardan vazge\u00e7ilmeli ve \u0130stanbul S\u00f6zle\u015fmesi eksiksiz olarak uygulanmal\u0131d\u0131r&#8221; diye konu\u015ftu.<br \/><\/p>\n","protected":false},"excerpt":{"rendered":"<p>Ku\u015fadas\u0131\u2019nda 8 Mart D\u00fcnya Emek\u00e7i Kad\u0131nlar G\u00fcn\u00fc, d\u00fczenlenen \u00e7e\u015fitli etkinliklerle kutland\u0131. Ku\u015fadas\u0131 Belediyesi\u2019nin katk\u0131lar\u0131yla Ku\u015fadas\u0131 Kad\u0131nca Olu\u015fumu taraf\u0131ndan ger\u00e7ekle\u015ftirilen etkinliklerde, kad\u0131na y\u00f6nelik \u015fiddet ve cinayetler ile \u0130stanbul S\u00f6zle\u015fmesi\u2019nin \u00f6nemine dikkat \u00e7ekildi. Ku\u015fadas\u0131\u2019nda 8 Mart D\u00fcnya Emek\u00e7i Kad\u0131nlar G\u00fcn\u00fc kutlamalar\u0131 kapsam\u0131nda ilk olarak Adag\u00f6l Mesire Alan\u0131\u2019nda, \u015fiddete u\u011frayan kad\u0131nlar ve \u00e7ocuklar\u0131n sahip oldu\u011fu 6284 Say\u0131l\u0131 Kanuna&#8230;<\/p>\n","protected":false},"author":1,"featured_media":24849,"comment_status":"open","ping_status":"open","sticky":false,"template":"","format":"standard","meta":{"_crdt_document":"","footnotes":""},"categories":[1],"tags":[],"class_list":["post-24848","post","type-post","status-publish","format-standard","has-post-thumbnail","hentry","category-guncel"],"_links":{"self":[{"href":"https:\/\/www.egemtv.com\/index.php?rest_route=\/wp\/v2\/posts\/24848","targetHints":{"allow":["GET"]}}],"collection":[{"href":"https:\/\/www.egemtv.com\/index.php?rest_route=\/wp\/v2\/posts"}],"about":[{"href":"https:\/\/www.egemtv.com\/index.php?rest_route=\/wp\/v2\/types\/post"}],"author":[{"embeddable":true,"href":"https:\/\/www.egemtv.com\/index.php?rest_route=\/wp\/v2\/users\/1"}],"replies":[{"embeddable":true,"href":"https:\/\/www.egemtv.com\/index.php?rest_route=%2Fwp%2Fv2%2Fcomments&post=24848"}],"version-history":[{"count":1,"href":"https:\/\/www.egemtv.com\/index.php?rest_route=\/wp\/v2\/posts\/24848\/revisions"}],"predecessor-version":[{"id":24850,"href":"https:\/\/www.egemtv.com\/index.php?rest_route=\/wp\/v2\/posts\/24848\/revisions\/24850"}],"wp:featuredmedia":[{"embeddable":true,"href":"https:\/\/www.egemtv.com\/index.php?rest_route=\/wp\/v2\/media\/24849"}],"wp:attachment":[{"href":"https:\/\/www.egemtv.com\/index.php?rest_route=%2Fwp%2Fv2%2Fmedia&parent=24848"}],"wp:term":[{"taxonomy":"category","embeddable":true,"href":"https:\/\/www.egemtv.com\/index.php?rest_route=%2Fwp%2Fv2%2Fcategories&post=24848"},{"taxonomy":"post_tag","embeddable":true,"href":"https:\/\/www.egemtv.com\/index.php?rest_route=%2Fwp%2Fv2%2Ftags&post=24848"}],"curies":[{"name":"wp","href":"https:\/\/api.w.org\/{rel}","templated":true}]}}