{"id":24842,"date":"2025-03-08T19:06:14","date_gmt":"2025-03-08T16:06:14","guid":{"rendered":"https:\/\/www.egemtv.com\/?p=24842"},"modified":"2025-03-08T19:06:19","modified_gmt":"2025-03-08T16:06:19","slug":"sokeli-atlet-tuana-turkiye-ikincisi-oldu","status":"publish","type":"post","link":"https:\/\/www.egemtv.com\/?p=24842","title":{"rendered":"S\u00f6keli atlet Tuana, T\u00fcrkiye ikincisi oldu"},"content":{"rendered":"<p>S\u00f6ke Belediyespor\u2019un ba\u015far\u0131l\u0131 atletizm sporcusu Tuana Akg\u00fcn, b\u00fcy\u00fck bir ba\u015far\u0131ya daha imza atarak T\u00fcrkiye ikincisi oldu.<\/p>\n<p>S\u00f6ke Belediyespor\u2019un atletizm sporcusu Tuana Akg\u00fcn, T\u00fcrkiye Atletizm Federasyonu taraf\u0131ndan d\u00fczenlenen T\u00fcrkiye \u00c7oklu Bran\u015flar Salon \u015eampiyonas\u0131nda U18 Kad\u0131nlar Pentatlon bran\u015f\u0131nda T\u00fcrkiye 2.\u2019si oldu. 7-8 Mart tarihlerinde \u0130stanbul Atak\u00f6y Atletizm Salonunda ger\u00e7ekle\u015fen \u015fampiyonada 3.242 puan toplayarak genel s\u0131ralamada ikinci olan gen\u00e7 sporcu, S\u00f6ke Belediyespor formas\u0131yla \u00e7\u0131kt\u0131\u011f\u0131 ilk b\u00fcy\u00fck m\u00fcsabakadan madalya ile d\u00f6nd\u00fc.<\/p>\n<p>Ge\u00e7ti\u011fimiz Kas\u0131m ay\u0131nda S\u00f6ke Belediye Ba\u015fkan\u0131 Dr. Mustafa \u0130berya Ar\u0131kan taraf\u0131ndan S\u00f6ke Belediyespor b\u00fcnyesine kazand\u0131r\u0131lan Tuana Akg\u00fcn, bu \u00f6nemli ba\u015far\u0131s\u0131yla S\u00f6ke\u2019ye b\u00fcy\u00fck bir gurur ya\u015fatt\u0131. Ba\u015fkan Ar\u0131kan, gen\u00e7 sporcuyu y\u00fcrekten tebrik ederken, ba\u015far\u0131l\u0131 atlet de antren\u00f6r\u00fc Burak Uygun, ailesi, Ba\u015fkan Ar\u0131kan ve kul\u00fcp y\u00f6neticilerine verdikleri destek i\u00e7in te\u015fekk\u00fcr etti.<br \/><\/p>\n","protected":false},"excerpt":{"rendered":"<p>S\u00f6ke Belediyespor\u2019un ba\u015far\u0131l\u0131 atletizm sporcusu Tuana Akg\u00fcn, b\u00fcy\u00fck bir ba\u015far\u0131ya daha imza atarak T\u00fcrkiye ikincisi oldu. S\u00f6ke Belediyespor\u2019un atletizm sporcusu Tuana Akg\u00fcn, T\u00fcrkiye Atletizm Federasyonu taraf\u0131ndan d\u00fczenlenen T\u00fcrkiye \u00c7oklu Bran\u015flar Salon \u015eampiyonas\u0131nda U18 Kad\u0131nlar Pentatlon bran\u015f\u0131nda T\u00fcrkiye 2.\u2019si oldu. 7-8 Mart tarihlerinde \u0130stanbul Atak\u00f6y Atletizm Salonunda ger\u00e7ekle\u015fen \u015fampiyonada 3.242 puan toplayarak genel s\u0131ralamada ikinci olan&#8230;<\/p>\n","protected":false},"author":1,"featured_media":24843,"comment_status":"open","ping_status":"open","sticky":false,"template":"","format":"standard","meta":{"_crdt_document":"","footnotes":""},"categories":[4],"tags":[],"class_list":["post-24842","post","type-post","status-publish","format-standard","has-post-thumbnail","hentry","category-spor"],"_links":{"self":[{"href":"https:\/\/www.egemtv.com\/index.php?rest_route=\/wp\/v2\/posts\/24842","targetHints":{"allow":["GET"]}}],"collection":[{"href":"https:\/\/www.egemtv.com\/index.php?rest_route=\/wp\/v2\/posts"}],"about":[{"href":"https:\/\/www.egemtv.com\/index.php?rest_route=\/wp\/v2\/types\/post"}],"author":[{"embeddable":true,"href":"https:\/\/www.egemtv.com\/index.php?rest_route=\/wp\/v2\/users\/1"}],"replies":[{"embeddable":true,"href":"https:\/\/www.egemtv.com\/index.php?rest_route=%2Fwp%2Fv2%2Fcomments&post=24842"}],"version-history":[{"count":1,"href":"https:\/\/www.egemtv.com\/index.php?rest_route=\/wp\/v2\/posts\/24842\/revisions"}],"predecessor-version":[{"id":24844,"href":"https:\/\/www.egemtv.com\/index.php?rest_route=\/wp\/v2\/posts\/24842\/revisions\/24844"}],"wp:featuredmedia":[{"embeddable":true,"href":"https:\/\/www.egemtv.com\/index.php?rest_route=\/wp\/v2\/media\/24843"}],"wp:attachment":[{"href":"https:\/\/www.egemtv.com\/index.php?rest_route=%2Fwp%2Fv2%2Fmedia&parent=24842"}],"wp:term":[{"taxonomy":"category","embeddable":true,"href":"https:\/\/www.egemtv.com\/index.php?rest_route=%2Fwp%2Fv2%2Fcategories&post=24842"},{"taxonomy":"post_tag","embeddable":true,"href":"https:\/\/www.egemtv.com\/index.php?rest_route=%2Fwp%2Fv2%2Ftags&post=24842"}],"curies":[{"name":"wp","href":"https:\/\/api.w.org\/{rel}","templated":true}]}}