{"id":24839,"date":"2025-03-08T18:06:57","date_gmt":"2025-03-08T15:06:57","guid":{"rendered":"https:\/\/www.egemtv.com\/?p=24839"},"modified":"2025-03-08T18:07:01","modified_gmt":"2025-03-08T15:07:01","slug":"marmariste-kadinlar-gunu-etkinlikleri-renkli-goruntulere-sahne-oldu","status":"publish","type":"post","link":"https:\/\/www.egemtv.com\/?p=24839","title":{"rendered":"Marmaris\u2019te Kad\u0131nlar G\u00fcn\u00fc etkinlikleri renkli g\u00f6r\u00fcnt\u00fclere sahne oldu"},"content":{"rendered":"<p>Marmaris Belediyesi\u2019nin d\u00fczenledi\u011fi 8 Mart D\u00fcnya Emek\u00e7i Kad\u0131nlar G\u00fcn\u00fc etkinlikleri rengarenk g\u00f6r\u00fcnt\u00fclere sahne oldu.<\/p>\n<p>Marmaris Belediyesi, 8 Mart D\u00fcnya Emek\u00e7i Kad\u0131nlar G\u00fcn\u00fc\u2019n\u00fc dolu dolu bir programla kutlad\u0131. Bisiklet turundan hay\u0131r panay\u0131r\u0131ndan, zeybek g\u00f6sterisinden fidan dikimine kadar bir\u00e7ok etkinli\u011fin yer ald\u0131\u011f\u0131 etkinli\u011fe Marmarisli kad\u0131nlar da e\u015flik etti. \u015eehir d\u0131\u015f\u0131nda bulunan Marmaris Belediye Ba\u015fkan\u0131 Acar \u00dcnl\u00fc\u2019y\u00fc Ba\u015fkanvekili Tun\u00e7 Telli temsil etti. 8 Mart D\u00fcnya Emek\u00e7i Kad\u0131nlar G\u00fcn\u00fc etkinlikleri kapsam\u0131nda ilk olarak bisiklet turu d\u00fczenlendi. 8 Mart ve kad\u0131n m\u00fccadelesine destek vermek amac\u0131yla mor renge boyanan Marvelos bisikletlerinin de kat\u0131ld\u0131\u011f\u0131 etkinlikte Belediye Ba\u015fkanvekili Av. Tun\u00e7 Telli, meclis \u00fcyeleri ve kad\u0131nlar \u2018e\u015fitli\u011fe pedal \u00e7eviriyoruz\u2019 slogan\u0131yla bisiklet turu ger\u00e7ekle\u015ftirdi.<\/p>\n<p>19 May\u0131s Gen\u00e7lik Meydan\u0131\u2019nda ise sadece kad\u0131n \u00fcreticilerin yer ald\u0131\u011f\u0131 \u2019Kad\u0131n Eme\u011fi\u2019 hay\u0131r panay\u0131r\u0131n\u0131n a\u00e7\u0131l\u0131\u015f\u0131 yap\u0131ld\u0131. Ba\u015fkanvekili Tun\u00e7 Telli, Belediye Ba\u015fkan\u0131 Acar \u00dcnl\u00fc\u2019n\u00fcn e\u015fi Aylin \u00dcnl\u00fc, meclis \u00fcyeleri, birim m\u00fcd\u00fcrleri ve \u00e7ok say\u0131da vatanda\u015f\u0131n kat\u0131ld\u0131\u011f\u0131 a\u00e7\u0131l\u0131\u015fta kad\u0131nlardan olu\u015fan zeybek grubu bir g\u00f6steri sergiledi. MARFOD \u00fcyelerinin Kad\u0131nlar G\u00fcn\u00fc\u2019ne \u00f6zel bir sergi a\u00e7t\u0131\u011f\u0131 alanda ve Halk Kafe\u2019de bulunan kad\u0131nlara da belediye seras\u0131nda yeti\u015ftirilen menek\u015feler hediye edildi.<\/p>\n<p>Buradaki a\u00e7\u0131l\u0131\u015f\u0131n ard\u0131ndan Camiavlu Mahallesi\u2019nde zeytin fidan\u0131 dikimi ger\u00e7ekle\u015ftirildi. &#8220;T\u0131pk\u0131 bir zeytin a\u011fac\u0131 gibi ya\u015famay\u0131 ciddiye alan, k\u00f6k salan ve yar\u0131nlara inanan t\u00fcm kad\u0131nlar i\u00e7in bulu\u015fal\u0131m&#8221; slogan\u0131yla yap\u0131lan etkinlikte kad\u0131nlar belediyenin ye\u015fil alan\u0131na zeytin fidan\u0131 dikti. 8 Mart D\u00fcnya Emek\u00e7i Kad\u0131nlar G\u00fcn\u00fc dolay\u0131s\u0131yla belediyenin y\u00fczme havuzu da 14.00-16.00 saatleri aras\u0131nda y\u00fczme bilen kad\u0131nlara \u00fccretsiz olarak a\u00e7\u0131k oldu.<br \/><\/p>\n","protected":false},"excerpt":{"rendered":"<p>Marmaris Belediyesi\u2019nin d\u00fczenledi\u011fi 8 Mart D\u00fcnya Emek\u00e7i Kad\u0131nlar G\u00fcn\u00fc etkinlikleri rengarenk g\u00f6r\u00fcnt\u00fclere sahne oldu. Marmaris Belediyesi, 8 Mart D\u00fcnya Emek\u00e7i Kad\u0131nlar G\u00fcn\u00fc\u2019n\u00fc dolu dolu bir programla kutlad\u0131. Bisiklet turundan hay\u0131r panay\u0131r\u0131ndan, zeybek g\u00f6sterisinden fidan dikimine kadar bir\u00e7ok etkinli\u011fin yer ald\u0131\u011f\u0131 etkinli\u011fe Marmarisli kad\u0131nlar da e\u015flik etti. \u015eehir d\u0131\u015f\u0131nda bulunan Marmaris Belediye Ba\u015fkan\u0131 Acar \u00dcnl\u00fc\u2019y\u00fc Ba\u015fkanvekili&#8230;<\/p>\n","protected":false},"author":1,"featured_media":24840,"comment_status":"open","ping_status":"open","sticky":false,"template":"","format":"standard","meta":{"_crdt_document":"","footnotes":""},"categories":[1],"tags":[],"class_list":["post-24839","post","type-post","status-publish","format-standard","has-post-thumbnail","hentry","category-guncel"],"_links":{"self":[{"href":"https:\/\/www.egemtv.com\/index.php?rest_route=\/wp\/v2\/posts\/24839","targetHints":{"allow":["GET"]}}],"collection":[{"href":"https:\/\/www.egemtv.com\/index.php?rest_route=\/wp\/v2\/posts"}],"about":[{"href":"https:\/\/www.egemtv.com\/index.php?rest_route=\/wp\/v2\/types\/post"}],"author":[{"embeddable":true,"href":"https:\/\/www.egemtv.com\/index.php?rest_route=\/wp\/v2\/users\/1"}],"replies":[{"embeddable":true,"href":"https:\/\/www.egemtv.com\/index.php?rest_route=%2Fwp%2Fv2%2Fcomments&post=24839"}],"version-history":[{"count":1,"href":"https:\/\/www.egemtv.com\/index.php?rest_route=\/wp\/v2\/posts\/24839\/revisions"}],"predecessor-version":[{"id":24841,"href":"https:\/\/www.egemtv.com\/index.php?rest_route=\/wp\/v2\/posts\/24839\/revisions\/24841"}],"wp:featuredmedia":[{"embeddable":true,"href":"https:\/\/www.egemtv.com\/index.php?rest_route=\/wp\/v2\/media\/24840"}],"wp:attachment":[{"href":"https:\/\/www.egemtv.com\/index.php?rest_route=%2Fwp%2Fv2%2Fmedia&parent=24839"}],"wp:term":[{"taxonomy":"category","embeddable":true,"href":"https:\/\/www.egemtv.com\/index.php?rest_route=%2Fwp%2Fv2%2Fcategories&post=24839"},{"taxonomy":"post_tag","embeddable":true,"href":"https:\/\/www.egemtv.com\/index.php?rest_route=%2Fwp%2Fv2%2Ftags&post=24839"}],"curies":[{"name":"wp","href":"https:\/\/api.w.org\/{rel}","templated":true}]}}