{"id":24836,"date":"2025-03-08T18:06:54","date_gmt":"2025-03-08T15:06:54","guid":{"rendered":"https:\/\/www.egemtv.com\/?p=24836"},"modified":"2025-03-08T18:06:57","modified_gmt":"2025-03-08T15:06:57","slug":"baskan-kahveci-hem-esnafin-hem-de-halkimizin-yanindayiz","status":"publish","type":"post","link":"https:\/\/www.egemtv.com\/?p=24836","title":{"rendered":"Ba\u015fkan Kahveci: &#8220;Hem esnaf\u0131n, hem de halk\u0131m\u0131z\u0131n yan\u0131nday\u0131z&#8221;"},"content":{"rendered":"<p>K\u00fctahya Belediye Meclisi toplant\u0131s\u0131, Belediye Ba\u015fkan\u0131 Ey\u00fcp Kahveci ba\u015fkanl\u0131\u011f\u0131nda yap\u0131ld\u0131.<br \/>\n<br \/>K\u00fctahya Belediye Meclisi, Belediye Ba\u015fkan\u0131 Ey\u00fcp Kahveci ba\u015fkanl\u0131\u011f\u0131nda 2. D\u00f6nem 3. Ola\u011fan 2. Birle\u015fim Toplant\u0131s\u0131\u2019n\u0131 ger\u00e7ekle\u015ftirdi. Toplant\u0131da, Belediye Meclisi\u2019nin karar\u0131 ile Plan ve B\u00fct\u00e7e Komisyonuna havale edilen, il merkez m\u00fccavir alan s\u0131n\u0131rlar\u0131nda hizmet veren denetimli \u00f6zel halk otob\u00fcslerine ait fiyat tarifesinin yeniden g\u00fcncellenmesi konusu g\u00f6r\u00fc\u015f\u00fcld\u00fc. Bu \u00f6nerge, Belediye Meclisi\u2019nin 5 \u015eubat 2025 tarihli ve 82 say\u0131l\u0131 karar\u0131yla kabul edilen fiyat tarifesinin g\u00fcncellenmesi i\u00e7in yap\u0131lm\u0131\u015ft\u0131.<br \/>\n<br \/>Belediye Ba\u015fkan\u0131 Ey\u00fcp Kahveci, toplant\u0131da yapt\u0131\u011f\u0131 konu\u015fmada, &#8220;Burada, hep birlikte halk\u0131m\u0131z\u0131n yan\u0131nday\u0131z. Bundan hi\u00e7 kimsenin bir endi\u015fesi olmas\u0131n. Esnaf ma\u011fduriyeti de olu\u015fmayacak, ancak ya\u015fad\u0131\u011f\u0131m\u0131z ortamda ula\u015f\u0131mla ilgili alternatif \u00e7e\u015fitliliklerimiz olmamas\u0131ndan kaynakl\u0131 yap\u0131sal bir s\u0131k\u0131nt\u0131 ya\u015f\u0131yoruz. Bunlar da iyile\u015ftirilecek&#8221; dedi.<br \/>\n<br \/>M\u00fczakere sonucunda, denetimli \u00f6zel halk otob\u00fcslerinin fiyat tarifesinin g\u00fcncellenmesi ile ilgili konu, esnaf ve halk\u0131n beklentilerinin etkin bir \u015fekilde y\u00f6netilmesi amac\u0131yla yeniden Plan ve B\u00fct\u00e7e Komisyonuna havale edilmesine karar verildi.<br \/><\/p>\n","protected":false},"excerpt":{"rendered":"<p>K\u00fctahya Belediye Meclisi toplant\u0131s\u0131, Belediye Ba\u015fkan\u0131 Ey\u00fcp Kahveci ba\u015fkanl\u0131\u011f\u0131nda yap\u0131ld\u0131. K\u00fctahya Belediye Meclisi, Belediye Ba\u015fkan\u0131 Ey\u00fcp Kahveci ba\u015fkanl\u0131\u011f\u0131nda 2. D\u00f6nem 3. Ola\u011fan 2. Birle\u015fim Toplant\u0131s\u0131\u2019n\u0131 ger\u00e7ekle\u015ftirdi. Toplant\u0131da, Belediye Meclisi\u2019nin karar\u0131 ile Plan ve B\u00fct\u00e7e Komisyonuna havale edilen, il merkez m\u00fccavir alan s\u0131n\u0131rlar\u0131nda hizmet veren denetimli \u00f6zel halk otob\u00fcslerine ait fiyat tarifesinin yeniden g\u00fcncellenmesi konusu g\u00f6r\u00fc\u015f\u00fcld\u00fc&#8230;.<\/p>\n","protected":false},"author":1,"featured_media":24837,"comment_status":"open","ping_status":"open","sticky":false,"template":"","format":"standard","meta":{"_crdt_document":"","footnotes":""},"categories":[123],"tags":[],"class_list":["post-24836","post","type-post","status-publish","format-standard","has-post-thumbnail","hentry","category-gundem"],"_links":{"self":[{"href":"https:\/\/www.egemtv.com\/index.php?rest_route=\/wp\/v2\/posts\/24836","targetHints":{"allow":["GET"]}}],"collection":[{"href":"https:\/\/www.egemtv.com\/index.php?rest_route=\/wp\/v2\/posts"}],"about":[{"href":"https:\/\/www.egemtv.com\/index.php?rest_route=\/wp\/v2\/types\/post"}],"author":[{"embeddable":true,"href":"https:\/\/www.egemtv.com\/index.php?rest_route=\/wp\/v2\/users\/1"}],"replies":[{"embeddable":true,"href":"https:\/\/www.egemtv.com\/index.php?rest_route=%2Fwp%2Fv2%2Fcomments&post=24836"}],"version-history":[{"count":1,"href":"https:\/\/www.egemtv.com\/index.php?rest_route=\/wp\/v2\/posts\/24836\/revisions"}],"predecessor-version":[{"id":24838,"href":"https:\/\/www.egemtv.com\/index.php?rest_route=\/wp\/v2\/posts\/24836\/revisions\/24838"}],"wp:featuredmedia":[{"embeddable":true,"href":"https:\/\/www.egemtv.com\/index.php?rest_route=\/wp\/v2\/media\/24837"}],"wp:attachment":[{"href":"https:\/\/www.egemtv.com\/index.php?rest_route=%2Fwp%2Fv2%2Fmedia&parent=24836"}],"wp:term":[{"taxonomy":"category","embeddable":true,"href":"https:\/\/www.egemtv.com\/index.php?rest_route=%2Fwp%2Fv2%2Fcategories&post=24836"},{"taxonomy":"post_tag","embeddable":true,"href":"https:\/\/www.egemtv.com\/index.php?rest_route=%2Fwp%2Fv2%2Ftags&post=24836"}],"curies":[{"name":"wp","href":"https:\/\/api.w.org\/{rel}","templated":true}]}}