{"id":24833,"date":"2025-03-08T18:06:50","date_gmt":"2025-03-08T15:06:50","guid":{"rendered":"https:\/\/www.egemtv.com\/?p=24833"},"modified":"2025-03-08T18:06:54","modified_gmt":"2025-03-08T15:06:54","slug":"kadinlar-icin-yapilan-cizimler-gorucuye-cikti","status":"publish","type":"post","link":"https:\/\/www.egemtv.com\/?p=24833","title":{"rendered":"Kad\u0131nlar i\u00e7in yap\u0131lan \u00e7izimler g\u00f6r\u00fcc\u00fcye \u00e7\u0131kt\u0131"},"content":{"rendered":"<p>Ayd\u0131n B\u00fcy\u00fck\u015fehir Belediyesi taraf\u0131ndan ger\u00e7ekle\u015ftirilen yar\u0131\u015fma kapsam\u0131nda kad\u0131nlar i\u00e7in \u00e7izilen karikat\u00fcrler, d\u00fczenlenen t\u00f6renle g\u00f6r\u00fcc\u00fcye \u00e7\u0131kt\u0131.<br \/>\n<br \/>Ayd\u0131n B\u00fcy\u00fck\u015fehir Belediyesi taraf\u0131ndan 8 Mart D\u00fcnya Emek\u00e7i Kad\u0131nlar G\u00fcn\u00fc nedeniyle sergi a\u00e7\u0131l\u0131\u015f\u0131 ger\u00e7ekle\u015ftirildi. B\u00fcy\u00fck\u015fehir Belediyesi taraf\u0131ndan 8 Mart D\u00fcnya Emek\u00e7i Kad\u0131nlar G\u00fcn\u00fc nedeniyle d\u00fczenlenen 2. Ulusal Emek\u00e7i Kad\u0131nlar Karikat\u00fcr Yar\u0131\u015fmas\u0131\u2019nda kazananlar belli oldu. Yar\u0131\u015fmaya bir\u00e7ok farkl\u0131 ilden onlarca sanat\u00e7\u0131 kat\u0131ld\u0131. Kad\u0131nlar\u0131n sesini duyurmak ve toplumsal fark\u0131ndal\u0131\u011f\u0131 artt\u0131rmak amac\u0131yla d\u00fczenlenen yar\u0131\u015fmaya kat\u0131lan eserler B\u00fcy\u00fck\u015fehir Belediyesi taraf\u0131ndan Ayd\u0131nl\u0131lar ile bulu\u015fturuldu. B\u00fcy\u00fck\u015fehir Belediyesi Vali Yaz\u0131c\u0131o\u011flu K\u00fclt\u00fcr Merkezi\u2019nde ger\u00e7ekle\u015ftirilen a\u00e7\u0131l\u0131\u015f ile ziyarete a\u00e7\u0131lan karikat\u00fcr sergisi Ayd\u0131nl\u0131lar taraf\u0131ndan da ilgiyle kar\u015f\u0131land\u0131.<br \/>\n<br \/>Ayd\u0131n B\u00fcy\u00fck\u015fehir Belediye Ba\u015fkan\u0131 \u00d6zlem \u00c7er\u00e7io\u011flu, kad\u0131nlar\u0131n e\u015fitlik m\u00fccadelesine destek vermek i\u00e7in \u00e7al\u0131\u015fmalar\u0131n\u0131n s\u00fcrece\u011fini belirterek, &#8220;Sanat toplumsal sorunlara dikkat \u00e7ekmek, kad\u0131nlar\u0131n sesi olmak i\u00e7in \u00f6nemli bir ara\u00e7. Bizler toplumsal cinsiyet e\u015fitli\u011fini savunmak, kad\u0131nlar\u0131m\u0131z\u0131n siyasi, sosyal ve ekonomik alanda m\u00fccadelelerine destek vermek i\u00e7in \u00e7al\u0131\u015fmalar\u0131m\u0131za devam edece\u011fiz&#8221; ifadelerini kulland\u0131.<br \/><\/p>\n","protected":false},"excerpt":{"rendered":"<p>Ayd\u0131n B\u00fcy\u00fck\u015fehir Belediyesi taraf\u0131ndan ger\u00e7ekle\u015ftirilen yar\u0131\u015fma kapsam\u0131nda kad\u0131nlar i\u00e7in \u00e7izilen karikat\u00fcrler, d\u00fczenlenen t\u00f6renle g\u00f6r\u00fcc\u00fcye \u00e7\u0131kt\u0131. Ayd\u0131n B\u00fcy\u00fck\u015fehir Belediyesi taraf\u0131ndan 8 Mart D\u00fcnya Emek\u00e7i Kad\u0131nlar G\u00fcn\u00fc nedeniyle sergi a\u00e7\u0131l\u0131\u015f\u0131 ger\u00e7ekle\u015ftirildi. B\u00fcy\u00fck\u015fehir Belediyesi taraf\u0131ndan 8 Mart D\u00fcnya Emek\u00e7i Kad\u0131nlar G\u00fcn\u00fc nedeniyle d\u00fczenlenen 2. Ulusal Emek\u00e7i Kad\u0131nlar Karikat\u00fcr Yar\u0131\u015fmas\u0131\u2019nda kazananlar belli oldu. Yar\u0131\u015fmaya bir\u00e7ok farkl\u0131 ilden onlarca sanat\u00e7\u0131&#8230;<\/p>\n","protected":false},"author":1,"featured_media":24834,"comment_status":"open","ping_status":"open","sticky":false,"template":"","format":"standard","meta":{"_crdt_document":"","footnotes":""},"categories":[1],"tags":[],"class_list":["post-24833","post","type-post","status-publish","format-standard","has-post-thumbnail","hentry","category-guncel"],"_links":{"self":[{"href":"https:\/\/www.egemtv.com\/index.php?rest_route=\/wp\/v2\/posts\/24833","targetHints":{"allow":["GET"]}}],"collection":[{"href":"https:\/\/www.egemtv.com\/index.php?rest_route=\/wp\/v2\/posts"}],"about":[{"href":"https:\/\/www.egemtv.com\/index.php?rest_route=\/wp\/v2\/types\/post"}],"author":[{"embeddable":true,"href":"https:\/\/www.egemtv.com\/index.php?rest_route=\/wp\/v2\/users\/1"}],"replies":[{"embeddable":true,"href":"https:\/\/www.egemtv.com\/index.php?rest_route=%2Fwp%2Fv2%2Fcomments&post=24833"}],"version-history":[{"count":1,"href":"https:\/\/www.egemtv.com\/index.php?rest_route=\/wp\/v2\/posts\/24833\/revisions"}],"predecessor-version":[{"id":24835,"href":"https:\/\/www.egemtv.com\/index.php?rest_route=\/wp\/v2\/posts\/24833\/revisions\/24835"}],"wp:featuredmedia":[{"embeddable":true,"href":"https:\/\/www.egemtv.com\/index.php?rest_route=\/wp\/v2\/media\/24834"}],"wp:attachment":[{"href":"https:\/\/www.egemtv.com\/index.php?rest_route=%2Fwp%2Fv2%2Fmedia&parent=24833"}],"wp:term":[{"taxonomy":"category","embeddable":true,"href":"https:\/\/www.egemtv.com\/index.php?rest_route=%2Fwp%2Fv2%2Fcategories&post=24833"},{"taxonomy":"post_tag","embeddable":true,"href":"https:\/\/www.egemtv.com\/index.php?rest_route=%2Fwp%2Fv2%2Ftags&post=24833"}],"curies":[{"name":"wp","href":"https:\/\/api.w.org\/{rel}","templated":true}]}}