{"id":24830,"date":"2025-03-08T18:06:45","date_gmt":"2025-03-08T15:06:45","guid":{"rendered":"https:\/\/www.egemtv.com\/?p=24830"},"modified":"2025-03-08T18:06:50","modified_gmt":"2025-03-08T15:06:50","slug":"tarihe-iz-birakan-kahraman-kadinlar-canlandirildi","status":"publish","type":"post","link":"https:\/\/www.egemtv.com\/?p=24830","title":{"rendered":"Tarihe iz b\u0131rakan kahraman kad\u0131nlar canland\u0131r\u0131ld\u0131"},"content":{"rendered":"<p>K\u00fctahya\u2019n\u0131n Tav\u015fanl\u0131 il\u00e7esinde, Hande G\u00fcl Anaokulu, D\u00fcnya Kad\u0131nlar G\u00fcn\u00fc kapsam\u0131nda anlaml\u0131 bir etkinlik d\u00fczenledi.<br \/>\n<br \/>Etkinlikte, okulun 11 kad\u0131n personeli, &#8220;Tarihe \u0130z B\u0131rakan Kahraman Kad\u0131nlar\u0131m\u0131z&#8221; adl\u0131 bir video ve canland\u0131rma ile \u00f6nemli kad\u0131n fig\u00fcrlerini sahneye ta\u015f\u0131d\u0131. Etkinlikte, okulun ad\u0131n\u0131 ta\u015f\u0131yan Hande G\u00fcl de unutulmad\u0131.<br \/>\n<br \/>Hande G\u00fcl Anaokulu M\u00fcd\u00fcr\u00fc Nimet Uzan, etkinlik hakk\u0131nda \u015funlar\u0131 s\u00f6yledi: &#8220;Hande G\u00fcl Anaokulu\u2019nun kad\u0131n personellerinin d\u00fczenledi\u011fi bu etkinlik, D\u00fcnya Kad\u0131nlar G\u00fcn\u00fc\u2019nde kad\u0131nlar\u0131m\u0131z\u0131n toplumdaki tarihi rol\u00fcn\u00fc vurgulamay\u0131 ama\u00e7lamaktad\u0131r. Hande G\u00fcl Anaokulu olarak D\u00fcnya Kad\u0131nlar G\u00fcn\u00fc\u2019n\u00fc kutluyor, eme\u011fi ge\u00e7en t\u00fcm kad\u0131n personelimize te\u015fekk\u00fcr ediyoruz.&#8221;<br \/>\n<br \/>Etkinlik, Hande G\u00fcl\u2019\u00fcn an\u0131s\u0131n\u0131 ya\u015fatman\u0131n yan\u0131 s\u0131ra, kad\u0131nlar\u0131n toplumsal rollerine dair fark\u0131ndal\u0131k olu\u015fturmay\u0131 da hedefledi.<br \/><\/p>\n","protected":false},"excerpt":{"rendered":"<p>K\u00fctahya\u2019n\u0131n Tav\u015fanl\u0131 il\u00e7esinde, Hande G\u00fcl Anaokulu, D\u00fcnya Kad\u0131nlar G\u00fcn\u00fc kapsam\u0131nda anlaml\u0131 bir etkinlik d\u00fczenledi. Etkinlikte, okulun 11 kad\u0131n personeli, &#8220;Tarihe \u0130z B\u0131rakan Kahraman Kad\u0131nlar\u0131m\u0131z&#8221; adl\u0131 bir video ve canland\u0131rma ile \u00f6nemli kad\u0131n fig\u00fcrlerini sahneye ta\u015f\u0131d\u0131. Etkinlikte, okulun ad\u0131n\u0131 ta\u015f\u0131yan Hande G\u00fcl de unutulmad\u0131. Hande G\u00fcl Anaokulu M\u00fcd\u00fcr\u00fc Nimet Uzan, etkinlik hakk\u0131nda \u015funlar\u0131 s\u00f6yledi: &#8220;Hande G\u00fcl&#8230;<\/p>\n","protected":false},"author":1,"featured_media":24831,"comment_status":"open","ping_status":"open","sticky":false,"template":"","format":"standard","meta":{"_crdt_document":"","footnotes":""},"categories":[123],"tags":[],"class_list":["post-24830","post","type-post","status-publish","format-standard","has-post-thumbnail","hentry","category-gundem"],"_links":{"self":[{"href":"https:\/\/www.egemtv.com\/index.php?rest_route=\/wp\/v2\/posts\/24830","targetHints":{"allow":["GET"]}}],"collection":[{"href":"https:\/\/www.egemtv.com\/index.php?rest_route=\/wp\/v2\/posts"}],"about":[{"href":"https:\/\/www.egemtv.com\/index.php?rest_route=\/wp\/v2\/types\/post"}],"author":[{"embeddable":true,"href":"https:\/\/www.egemtv.com\/index.php?rest_route=\/wp\/v2\/users\/1"}],"replies":[{"embeddable":true,"href":"https:\/\/www.egemtv.com\/index.php?rest_route=%2Fwp%2Fv2%2Fcomments&post=24830"}],"version-history":[{"count":1,"href":"https:\/\/www.egemtv.com\/index.php?rest_route=\/wp\/v2\/posts\/24830\/revisions"}],"predecessor-version":[{"id":24832,"href":"https:\/\/www.egemtv.com\/index.php?rest_route=\/wp\/v2\/posts\/24830\/revisions\/24832"}],"wp:featuredmedia":[{"embeddable":true,"href":"https:\/\/www.egemtv.com\/index.php?rest_route=\/wp\/v2\/media\/24831"}],"wp:attachment":[{"href":"https:\/\/www.egemtv.com\/index.php?rest_route=%2Fwp%2Fv2%2Fmedia&parent=24830"}],"wp:term":[{"taxonomy":"category","embeddable":true,"href":"https:\/\/www.egemtv.com\/index.php?rest_route=%2Fwp%2Fv2%2Fcategories&post=24830"},{"taxonomy":"post_tag","embeddable":true,"href":"https:\/\/www.egemtv.com\/index.php?rest_route=%2Fwp%2Fv2%2Ftags&post=24830"}],"curies":[{"name":"wp","href":"https:\/\/api.w.org\/{rel}","templated":true}]}}