{"id":24827,"date":"2025-03-08T18:06:41","date_gmt":"2025-03-08T15:06:41","guid":{"rendered":"https:\/\/www.egemtv.com\/?p=24827"},"modified":"2025-03-08T18:06:45","modified_gmt":"2025-03-08T15:06:45","slug":"usakta-2-aracin-carpistigi-kazada-1-surucu-yaralandi","status":"publish","type":"post","link":"https:\/\/www.egemtv.com\/?p=24827","title":{"rendered":"U\u015fak\u2019ta 2 arac\u0131n \u00e7arp\u0131\u015ft\u0131\u011f\u0131 kazada 1 s\u00fcr\u00fcc\u00fc yaraland\u0131"},"content":{"rendered":"<p>U\u015fak\u2019ta otomobil ile t\u0131r\u0131n \u00e7arp\u0131\u015fmas\u0131 sonucu, otomobil s\u00fcr\u00fcc\u00fcs\u00fc yaraland\u0131.<br \/>\n<br \/>Kaza, U\u015fak merkeze ba\u011fl\u0131 Atat\u00fcrk Mahallesi Halil Kaya Gedik Bulvar\u0131 ile Be\u015finci Seyran Sokak kesi\u015fiminde meydana geldi. Edinilen bilgilere g\u00f6re, Halil Kaya Gedik Bulvar\u0131\u2019ndan Be\u015finci Seyran Sokak istikametine d\u00f6n\u00fc\u015f almak isteyen H.\u00d6. (62) idaresindeki 64 ABP 305 plakal\u0131 t\u0131r Halil Kaya Gedik Bulvar\u0131 yan yol istikametinden Sivasl\u0131 istikametine giden M.\u015e. (31) y\u00f6netimdeki 43 ACT 024 plakal\u0131 otomobil ile \u00e7arp\u0131\u015ft\u0131.<br \/>\n<br \/>\u00c7evredeki vatanda\u015flar\u0131n durumu 112 Acil \u00c7a\u011fr\u0131 Merkezi\u2019ne bildirmesi \u00fczerine olay yerine 112 Sa\u011fl\u0131k ve polis ekipleri sevk edildi. 112 Sa\u011fl\u0131k ekiplerince kazada yaralanan otomobil s\u00fcr\u00fcc\u00fcs\u00fc U\u015fak E\u011fitim ve Ara\u015ft\u0131rma Hastanesi\u2019ne kald\u0131r\u0131ld\u0131.<br \/>\n<br \/>\u00d6te yandan, yaral\u0131 s\u00fcr\u00fcc\u00fcn\u00fcn sa\u011fl\u0131k durumunun iyi oldu\u011fu \u00f6\u011frenildi.<br \/><\/p>\n","protected":false},"excerpt":{"rendered":"<p>U\u015fak\u2019ta otomobil ile t\u0131r\u0131n \u00e7arp\u0131\u015fmas\u0131 sonucu, otomobil s\u00fcr\u00fcc\u00fcs\u00fc yaraland\u0131. Kaza, U\u015fak merkeze ba\u011fl\u0131 Atat\u00fcrk Mahallesi Halil Kaya Gedik Bulvar\u0131 ile Be\u015finci Seyran Sokak kesi\u015fiminde meydana geldi. Edinilen bilgilere g\u00f6re, Halil Kaya Gedik Bulvar\u0131\u2019ndan Be\u015finci Seyran Sokak istikametine d\u00f6n\u00fc\u015f almak isteyen H.\u00d6. (62) idaresindeki 64 ABP 305 plakal\u0131 t\u0131r Halil Kaya Gedik Bulvar\u0131 yan yol istikametinden&#8230;<\/p>\n","protected":false},"author":1,"featured_media":24828,"comment_status":"open","ping_status":"open","sticky":false,"template":"","format":"standard","meta":{"_crdt_document":"","footnotes":""},"categories":[5],"tags":[],"class_list":["post-24827","post","type-post","status-publish","format-standard","has-post-thumbnail","hentry","category-asayis"],"_links":{"self":[{"href":"https:\/\/www.egemtv.com\/index.php?rest_route=\/wp\/v2\/posts\/24827","targetHints":{"allow":["GET"]}}],"collection":[{"href":"https:\/\/www.egemtv.com\/index.php?rest_route=\/wp\/v2\/posts"}],"about":[{"href":"https:\/\/www.egemtv.com\/index.php?rest_route=\/wp\/v2\/types\/post"}],"author":[{"embeddable":true,"href":"https:\/\/www.egemtv.com\/index.php?rest_route=\/wp\/v2\/users\/1"}],"replies":[{"embeddable":true,"href":"https:\/\/www.egemtv.com\/index.php?rest_route=%2Fwp%2Fv2%2Fcomments&post=24827"}],"version-history":[{"count":1,"href":"https:\/\/www.egemtv.com\/index.php?rest_route=\/wp\/v2\/posts\/24827\/revisions"}],"predecessor-version":[{"id":24829,"href":"https:\/\/www.egemtv.com\/index.php?rest_route=\/wp\/v2\/posts\/24827\/revisions\/24829"}],"wp:featuredmedia":[{"embeddable":true,"href":"https:\/\/www.egemtv.com\/index.php?rest_route=\/wp\/v2\/media\/24828"}],"wp:attachment":[{"href":"https:\/\/www.egemtv.com\/index.php?rest_route=%2Fwp%2Fv2%2Fmedia&parent=24827"}],"wp:term":[{"taxonomy":"category","embeddable":true,"href":"https:\/\/www.egemtv.com\/index.php?rest_route=%2Fwp%2Fv2%2Fcategories&post=24827"},{"taxonomy":"post_tag","embeddable":true,"href":"https:\/\/www.egemtv.com\/index.php?rest_route=%2Fwp%2Fv2%2Ftags&post=24827"}],"curies":[{"name":"wp","href":"https:\/\/api.w.org\/{rel}","templated":true}]}}