{"id":24824,"date":"2025-03-08T18:06:37","date_gmt":"2025-03-08T15:06:37","guid":{"rendered":"https:\/\/www.egemtv.com\/?p=24824"},"modified":"2025-03-08T18:06:41","modified_gmt":"2025-03-08T15:06:41","slug":"yasli-adam-evinde-esi-tarafindan-olu-bulundu","status":"publish","type":"post","link":"https:\/\/www.egemtv.com\/?p=24824","title":{"rendered":"Ya\u015fl\u0131 adam evinde e\u015fi taraf\u0131ndan \u00f6l\u00fc bulundu"},"content":{"rendered":"<p>Denizli\u2019de 5 katl\u0131 apartman\u0131n 4. kat\u0131nda ya\u015fayan ya\u015fl\u0131 adam birlikte ya\u015fad\u0131\u011f\u0131 e\u015fi taraf\u0131ndan \u00f6l\u00fc halde bulundu.<br \/>\n<br \/>Olay, Merkezefendi il\u00e7esi Akkonak Mahallesi\u2019nde meydana geldi. Edinilen bilgilere g\u00f6re 67 ya\u015f\u0131ndaki \u0130smet K\u00f6se, e\u015fiyle birlikte ya\u015fad\u0131\u011f\u0131 5 katl\u0131 apartman\u0131n 4. kat\u0131ndaki dairesinde e\u015fi taraf\u0131ndan do\u011falgaz borusuna as\u0131l\u0131 halde bulundu. E\u015finin ihbar\u0131 \u00fczerine b\u00f6lgeye polis ve sa\u011fl\u0131k ekipleri sevk edildi. Sa\u011fl\u0131k ekipleri taraf\u0131ndan ilk m\u00fcdahalede bulunulan \u0130smet K\u00f6se\u2019nin ya\u015fam\u0131n\u0131 yitirdi\u011fi belirlendi. Olay yerindeki incelemelerin ard\u0131ndan ya\u015fl\u0131 adam\u0131n cans\u0131z bedeni otopsi yap\u0131lmak \u00fczere Adli T\u0131p Kurumu Grup Ba\u015fkanl\u0131\u011f\u0131 morguna kald\u0131r\u0131ld\u0131. \u0130smet K\u00f6se\u2019nin cenazesinin evden \u00e7\u0131kar\u0131ld\u0131\u011f\u0131 esnada e\u015finin feryad\u0131 ise dikkatlerden ka\u00e7mad\u0131. Ac\u0131l\u0131 e\u015f, \u00e7ocuklar\u0131 ve yak\u0131nlar\u0131 taraf\u0131ndan g\u00fc\u00e7l\u00fckle sakinle\u015ftirildi.<br \/>\n<br \/>Olayla ilgili soru\u015fturma ba\u015flat\u0131ld\u0131.<br \/><\/p>\n","protected":false},"excerpt":{"rendered":"<p>Denizli\u2019de 5 katl\u0131 apartman\u0131n 4. kat\u0131nda ya\u015fayan ya\u015fl\u0131 adam birlikte ya\u015fad\u0131\u011f\u0131 e\u015fi taraf\u0131ndan \u00f6l\u00fc halde bulundu. Olay, Merkezefendi il\u00e7esi Akkonak Mahallesi\u2019nde meydana geldi. Edinilen bilgilere g\u00f6re 67 ya\u015f\u0131ndaki \u0130smet K\u00f6se, e\u015fiyle birlikte ya\u015fad\u0131\u011f\u0131 5 katl\u0131 apartman\u0131n 4. kat\u0131ndaki dairesinde e\u015fi taraf\u0131ndan do\u011falgaz borusuna as\u0131l\u0131 halde bulundu. E\u015finin ihbar\u0131 \u00fczerine b\u00f6lgeye polis ve sa\u011fl\u0131k ekipleri sevk&#8230;<\/p>\n","protected":false},"author":1,"featured_media":24825,"comment_status":"open","ping_status":"open","sticky":false,"template":"","format":"standard","meta":{"_crdt_document":"","footnotes":""},"categories":[5],"tags":[],"class_list":["post-24824","post","type-post","status-publish","format-standard","has-post-thumbnail","hentry","category-asayis"],"_links":{"self":[{"href":"https:\/\/www.egemtv.com\/index.php?rest_route=\/wp\/v2\/posts\/24824","targetHints":{"allow":["GET"]}}],"collection":[{"href":"https:\/\/www.egemtv.com\/index.php?rest_route=\/wp\/v2\/posts"}],"about":[{"href":"https:\/\/www.egemtv.com\/index.php?rest_route=\/wp\/v2\/types\/post"}],"author":[{"embeddable":true,"href":"https:\/\/www.egemtv.com\/index.php?rest_route=\/wp\/v2\/users\/1"}],"replies":[{"embeddable":true,"href":"https:\/\/www.egemtv.com\/index.php?rest_route=%2Fwp%2Fv2%2Fcomments&post=24824"}],"version-history":[{"count":1,"href":"https:\/\/www.egemtv.com\/index.php?rest_route=\/wp\/v2\/posts\/24824\/revisions"}],"predecessor-version":[{"id":24826,"href":"https:\/\/www.egemtv.com\/index.php?rest_route=\/wp\/v2\/posts\/24824\/revisions\/24826"}],"wp:featuredmedia":[{"embeddable":true,"href":"https:\/\/www.egemtv.com\/index.php?rest_route=\/wp\/v2\/media\/24825"}],"wp:attachment":[{"href":"https:\/\/www.egemtv.com\/index.php?rest_route=%2Fwp%2Fv2%2Fmedia&parent=24824"}],"wp:term":[{"taxonomy":"category","embeddable":true,"href":"https:\/\/www.egemtv.com\/index.php?rest_route=%2Fwp%2Fv2%2Fcategories&post=24824"},{"taxonomy":"post_tag","embeddable":true,"href":"https:\/\/www.egemtv.com\/index.php?rest_route=%2Fwp%2Fv2%2Ftags&post=24824"}],"curies":[{"name":"wp","href":"https:\/\/api.w.org\/{rel}","templated":true}]}}