{"id":24821,"date":"2025-03-08T17:54:53","date_gmt":"2025-03-08T14:54:53","guid":{"rendered":"https:\/\/www.egemtv.com\/?p=24821"},"modified":"2025-03-08T17:54:57","modified_gmt":"2025-03-08T14:54:57","slug":"cengel-en-az-bir-egitim-duzeyini-tamamlama-orani-kadinlarda-yuzde-90lar-seviyesine-ulasti","status":"publish","type":"post","link":"https:\/\/www.egemtv.com\/?p=24821","title":{"rendered":"\u00c7engel: &#8220;En az bir e\u011fitim d\u00fczeyini tamamlama oran\u0131 kad\u0131nlarda y\u00fczde 90\u2019lar seviyesine ula\u015ft\u0131&#8221;"},"content":{"rendered":"<p>AK Parti Afyonkarahisar \u0130l Kad\u0131n Kollar\u0131 Ba\u015fkan\u0131 Dilek Han\u0131m \u00c7engel 8 Mart D\u00fcnya Kad\u0131nlar G\u00fcn\u00fc dolay\u0131s\u0131yla yapt\u0131\u011f\u0131 a\u00e7\u0131klamada, &#8220;Bu \u00e7abalar\u0131m\u0131z neticesinde en az bir e\u011fitim d\u00fczeyini tamamlama oran\u0131 kad\u0131nlarda y\u00fczde 70\u2019lerden y\u00fczde 90\u2019lar seviyesine ula\u015ft\u0131&#8221; dedi.<br \/>\n<br \/>Bas\u0131n a\u00e7\u0131klamas\u0131na AK Parti Afyonkarahisar \u0130l Ba\u015fkan\u0131 Av. Turgay \u015eahin, \u0130l Kad\u0131n Kollar\u0131 Y\u00f6netim Kurulu \u00dcyeleri, \u0130scehisar Belediye Ba\u015fkan\u0131 Seyhan K\u0131l\u0131\u00e7arslan, \u0130hsaniye Belediye Ba\u015fkan\u0131 Emine G\u00f6k\u00e7e ve kad\u0131n te\u015fkilat mensuplar\u0131 kat\u0131l\u0131m sa\u011flad\u0131lar. Bas\u0131n a\u00e7\u0131klamas\u0131nda konu\u015fan \u00c7engel \u015fu ifadelere yer verdi, &#8220;Bug\u00fcn emek veren, al\u0131n teri d\u00f6ken, \u00fcreten t\u00fcm kad\u0131nlar\u0131n g\u00fcn\u00fc. 8 Mart kad\u0131nlar\u0131n ekonomik, politik ve sosyal hayatta e\u015fit haklara sahip olabilme m\u00fccadelelerinin bir sembol\u00fc. \u00d6ncelikle kad\u0131nlar\u0131n bu anlaml\u0131 g\u00fcn\u00fcn\u00fc kutluyor, emekleri, fedak\u00e2rl\u0131klar\u0131 ve m\u00fccadeleleri i\u00e7in her birine \u015f\u00fckranlar\u0131m\u0131 sunuyorum. AK Parti olarak Cumhurba\u015fkan\u0131m\u0131z ve Genel Ba\u015fkan\u0131m\u0131z Recep Tayyip Erdo\u011fan\u2019\u0131n liderli\u011finde kurulu\u015fumuzun ilk g\u00fcn\u00fcnden bug\u00fcne kad\u0131n haklar\u0131 konusunda pek \u00e7ok d\u00fczenlemeyi hayata ge\u00e7irdik.<br \/>\n<br \/>\u2018\u015e\u00d6N\u0130M, Kad\u0131n Konuk Evi, KADES, Elektronik Kelep\u00e7e, ALO 183\u2019 gibi uygulamalar\u0131 hayata ge\u00e7irerek kad\u0131na kar\u015f\u0131 \u015fiddete \u00f6nlemeye y\u00f6nelik \u00f6nemli ad\u0131mlar at\u0131ld\u0131. Aile i\u00e7i \u015fiddeti \u015fik\u00e2yete tabi olmaktan \u00e7\u0131kard\u0131k. Daha pek \u00e7ok alanda tarihi nitelikte ad\u0131mlar att\u0131k. Bu \u00e7abalar\u0131m\u0131z neticesinde en az bir e\u011fitim d\u00fczeyini tamamlama oran\u0131 kad\u0131nlarda y\u00fczde 70\u2019lerden y\u00fczde 90\u2019lar seviyesine ula\u015ft\u0131.<br \/>\n<br \/>Elde etti\u011fimiz kazan\u0131mlar\u0131n yan\u0131nda, daha yap\u0131lacak \u00e7ok i\u015f oldu\u011funun fark\u0131nday\u0131z. AK Parti olarak, kad\u0131n haklar\u0131na ve e\u015fitliklerine y\u00f6nelik m\u00fccadelemizi s\u00fcrd\u00fcrmeye devam edece\u011fiz. Kad\u0131nlar\u0131n g\u00fc\u00e7l\u00fc oldu\u011fu bir toplum, gelece\u011fe daha emin ad\u0131mlarla ilerleyecektir. Kad\u0131n haklar\u0131 konusundaki \u00e7al\u0131\u015fmalar\u0131m\u0131z\u0131 kararl\u0131l\u0131kla s\u00fcrd\u00fcrece\u011fimizi bir kez daha ifade ediyor ve 8 Mart D\u00fcnya Kad\u0131nlar G\u00fcn\u00fc\u2019n\u00fc en i\u00e7ten duygular\u0131mla kutluyorum&#8221; dedi.<br \/><\/p>\n","protected":false},"excerpt":{"rendered":"<p>AK Parti Afyonkarahisar \u0130l Kad\u0131n Kollar\u0131 Ba\u015fkan\u0131 Dilek Han\u0131m \u00c7engel 8 Mart D\u00fcnya Kad\u0131nlar G\u00fcn\u00fc dolay\u0131s\u0131yla yapt\u0131\u011f\u0131 a\u00e7\u0131klamada, &#8220;Bu \u00e7abalar\u0131m\u0131z neticesinde en az bir e\u011fitim d\u00fczeyini tamamlama oran\u0131 kad\u0131nlarda y\u00fczde 70\u2019lerden y\u00fczde 90\u2019lar seviyesine ula\u015ft\u0131&#8221; dedi. Bas\u0131n a\u00e7\u0131klamas\u0131na AK Parti Afyonkarahisar \u0130l Ba\u015fkan\u0131 Av. Turgay \u015eahin, \u0130l Kad\u0131n Kollar\u0131 Y\u00f6netim Kurulu \u00dcyeleri, \u0130scehisar Belediye Ba\u015fkan\u0131&#8230;<\/p>\n","protected":false},"author":1,"featured_media":24822,"comment_status":"open","ping_status":"open","sticky":false,"template":"","format":"standard","meta":{"_crdt_document":"","footnotes":""},"categories":[1],"tags":[],"class_list":["post-24821","post","type-post","status-publish","format-standard","has-post-thumbnail","hentry","category-guncel"],"_links":{"self":[{"href":"https:\/\/www.egemtv.com\/index.php?rest_route=\/wp\/v2\/posts\/24821","targetHints":{"allow":["GET"]}}],"collection":[{"href":"https:\/\/www.egemtv.com\/index.php?rest_route=\/wp\/v2\/posts"}],"about":[{"href":"https:\/\/www.egemtv.com\/index.php?rest_route=\/wp\/v2\/types\/post"}],"author":[{"embeddable":true,"href":"https:\/\/www.egemtv.com\/index.php?rest_route=\/wp\/v2\/users\/1"}],"replies":[{"embeddable":true,"href":"https:\/\/www.egemtv.com\/index.php?rest_route=%2Fwp%2Fv2%2Fcomments&post=24821"}],"version-history":[{"count":1,"href":"https:\/\/www.egemtv.com\/index.php?rest_route=\/wp\/v2\/posts\/24821\/revisions"}],"predecessor-version":[{"id":24823,"href":"https:\/\/www.egemtv.com\/index.php?rest_route=\/wp\/v2\/posts\/24821\/revisions\/24823"}],"wp:featuredmedia":[{"embeddable":true,"href":"https:\/\/www.egemtv.com\/index.php?rest_route=\/wp\/v2\/media\/24822"}],"wp:attachment":[{"href":"https:\/\/www.egemtv.com\/index.php?rest_route=%2Fwp%2Fv2%2Fmedia&parent=24821"}],"wp:term":[{"taxonomy":"category","embeddable":true,"href":"https:\/\/www.egemtv.com\/index.php?rest_route=%2Fwp%2Fv2%2Fcategories&post=24821"},{"taxonomy":"post_tag","embeddable":true,"href":"https:\/\/www.egemtv.com\/index.php?rest_route=%2Fwp%2Fv2%2Ftags&post=24821"}],"curies":[{"name":"wp","href":"https:\/\/api.w.org\/{rel}","templated":true}]}}