{"id":24818,"date":"2025-03-08T17:54:49","date_gmt":"2025-03-08T14:54:49","guid":{"rendered":"https:\/\/www.egemtv.com\/?p=24818"},"modified":"2025-03-08T17:54:53","modified_gmt":"2025-03-08T14:54:53","slug":"bozdoganda-kuraklik-krizi","status":"publish","type":"post","link":"https:\/\/www.egemtv.com\/?p=24818","title":{"rendered":"Bozdo\u011fan\u2019da kurakl\u0131k krizi"},"content":{"rendered":"<p>Ayd\u0131n\u2019\u0131n Bozdo\u011fan il\u00e7esinde \u00e7ift\u00e7iler kurakl\u0131kla m\u00fccadele ediyor. Havalar\u0131n \u0131s\u0131nmas\u0131 ve ya\u011f\u0131\u015flar\u0131n yetersiz kalmas\u0131 nedeniyle, tarlalar susuz kald\u0131. Mahsullerini kurutmamak i\u00e7in b\u00fcy\u00fck \u00e7aba harcayan \u00fcreticiler, kendi imkanlar\u0131yla sondajlardan trakt\u00f6rle su \u00e7ekerek tarlalar\u0131na sulamaya \u00e7al\u0131\u015f\u0131yor.<br \/>\n<br \/>Bozdo\u011fanl\u0131 \u00fcretici Hilmi Kahvecio\u011flu, kurakl\u0131k nedeniyle zor g\u00fcnler ge\u00e7irdiklerini belirterek, &#8220;Tarladaki mahsul\u00fcm\u00fcz kurumas\u0131n diye sondajlar\u0131 devreye ald\u0131k. Trakt\u00f6rle sondajlardan \u00e7\u0131kard\u0131\u011f\u0131m\u0131z su ile sulamaya \u00e7al\u0131\u015f\u0131yoruz. Ancak mazot fiyatlar\u0131 \u00e7ok y\u00fcksek, sulama maliyetleri belimizi b\u00fck\u00fcyor. Bu \u015fekilde ne kadar dayanabiliriz bilmiyoruz&#8221; dedi.<br \/>\n<br \/>\u00c7ift\u00e7iler, yetkililerden acil destek beklediklerini belirterek, tar\u0131msal sulama i\u00e7in ek \u00f6nlemler al\u0131nmazsa, Bozdo\u011fan\u2019da ekili tar\u0131m alanlar\u0131n\u0131n kuruma riskiyle kar\u015f\u0131 kar\u015f\u0131ya kalaca\u011f\u0131 s\u00f6yledi. Ayr\u0131ca \u00fcreticiler, &#8220;Kurakl\u0131\u011fa kar\u015f\u0131 yaln\u0131z b\u0131rak\u0131l\u0131rsak, sadece biz de\u011fil, Bozdo\u011fan tar\u0131m\u0131 da kaybeder&#8221; diyerek \u00e7a\u011fr\u0131da bulundu.<br \/><\/p>\n","protected":false},"excerpt":{"rendered":"<p>Ayd\u0131n\u2019\u0131n Bozdo\u011fan il\u00e7esinde \u00e7ift\u00e7iler kurakl\u0131kla m\u00fccadele ediyor. Havalar\u0131n \u0131s\u0131nmas\u0131 ve ya\u011f\u0131\u015flar\u0131n yetersiz kalmas\u0131 nedeniyle, tarlalar susuz kald\u0131. Mahsullerini kurutmamak i\u00e7in b\u00fcy\u00fck \u00e7aba harcayan \u00fcreticiler, kendi imkanlar\u0131yla sondajlardan trakt\u00f6rle su \u00e7ekerek tarlalar\u0131na sulamaya \u00e7al\u0131\u015f\u0131yor. Bozdo\u011fanl\u0131 \u00fcretici Hilmi Kahvecio\u011flu, kurakl\u0131k nedeniyle zor g\u00fcnler ge\u00e7irdiklerini belirterek, &#8220;Tarladaki mahsul\u00fcm\u00fcz kurumas\u0131n diye sondajlar\u0131 devreye ald\u0131k. Trakt\u00f6rle sondajlardan \u00e7\u0131kard\u0131\u011f\u0131m\u0131z su ile&#8230;<\/p>\n","protected":false},"author":1,"featured_media":24819,"comment_status":"open","ping_status":"open","sticky":false,"template":"","format":"standard","meta":{"_crdt_document":"","footnotes":""},"categories":[1],"tags":[],"class_list":["post-24818","post","type-post","status-publish","format-standard","has-post-thumbnail","hentry","category-guncel"],"_links":{"self":[{"href":"https:\/\/www.egemtv.com\/index.php?rest_route=\/wp\/v2\/posts\/24818","targetHints":{"allow":["GET"]}}],"collection":[{"href":"https:\/\/www.egemtv.com\/index.php?rest_route=\/wp\/v2\/posts"}],"about":[{"href":"https:\/\/www.egemtv.com\/index.php?rest_route=\/wp\/v2\/types\/post"}],"author":[{"embeddable":true,"href":"https:\/\/www.egemtv.com\/index.php?rest_route=\/wp\/v2\/users\/1"}],"replies":[{"embeddable":true,"href":"https:\/\/www.egemtv.com\/index.php?rest_route=%2Fwp%2Fv2%2Fcomments&post=24818"}],"version-history":[{"count":1,"href":"https:\/\/www.egemtv.com\/index.php?rest_route=\/wp\/v2\/posts\/24818\/revisions"}],"predecessor-version":[{"id":24820,"href":"https:\/\/www.egemtv.com\/index.php?rest_route=\/wp\/v2\/posts\/24818\/revisions\/24820"}],"wp:featuredmedia":[{"embeddable":true,"href":"https:\/\/www.egemtv.com\/index.php?rest_route=\/wp\/v2\/media\/24819"}],"wp:attachment":[{"href":"https:\/\/www.egemtv.com\/index.php?rest_route=%2Fwp%2Fv2%2Fmedia&parent=24818"}],"wp:term":[{"taxonomy":"category","embeddable":true,"href":"https:\/\/www.egemtv.com\/index.php?rest_route=%2Fwp%2Fv2%2Fcategories&post=24818"},{"taxonomy":"post_tag","embeddable":true,"href":"https:\/\/www.egemtv.com\/index.php?rest_route=%2Fwp%2Fv2%2Ftags&post=24818"}],"curies":[{"name":"wp","href":"https:\/\/api.w.org\/{rel}","templated":true}]}}