{"id":24815,"date":"2025-03-08T17:54:45","date_gmt":"2025-03-08T14:54:45","guid":{"rendered":"https:\/\/www.egemtv.com\/?p=24815"},"modified":"2025-03-08T17:54:49","modified_gmt":"2025-03-08T14:54:49","slug":"baskan-kahveci-kadinlarimiz-emegi-ve-sanati-hayatimizi-guzellestiriyor","status":"publish","type":"post","link":"https:\/\/www.egemtv.com\/?p=24815","title":{"rendered":"Ba\u015fkan Kahveci: &#8220;Kad\u0131nlar\u0131m\u0131z eme\u011fi ve sanat\u0131 hayat\u0131m\u0131z\u0131 g\u00fczelle\u015ftiriyor&#8221;"},"content":{"rendered":"<p>K\u00fctahya Belediye Ba\u015fkan\u0131 Ey\u00fcp Kahveci, D\u00fcnya Kad\u0131nlar G\u00fcn\u00fc dolay\u0131s\u0131yla Kent Konseyi K\u00fclt\u00fcr ve Sanat Merkezi \u00c7al\u0131\u015fma Grubu Ba\u015fkanl\u0131\u011f\u0131 \u00f6n\u00fcnde d\u00fczenlenen karma sergiye kat\u0131ld\u0131. Kad\u0131n sanat\u00e7\u0131lar ve \u00fcreticiler taraf\u0131ndan haz\u0131rlanan sergide, tablolar, s\u00fcs e\u015fyalar\u0131 ve el sanatlar\u0131 gibi bir\u00e7ok eser ziyaret\u00e7ilere sunuldu.<br \/>\n<br \/>Sergiyi gezerek kad\u0131n sanat\u00e7\u0131larla sohbet eden Ba\u015fkan Kahveci, kad\u0131n eme\u011finin sanatla bulu\u015fmas\u0131n\u0131n b\u00fcy\u00fck bir de\u011fer ta\u015f\u0131d\u0131\u011f\u0131n\u0131 ifade etti. Kahveci, &#8220;Bug\u00fcn, sadece kad\u0131nlar\u0131n ba\u015far\u0131lar\u0131n\u0131 ve emeklerini kutlad\u0131\u011f\u0131m\u0131z bir g\u00fcn de\u011fil, ayn\u0131 zamanda onlar\u0131n her alanda daha g\u00fc\u00e7l\u00fc ve g\u00f6r\u00fcn\u00fcr olmas\u0131 gerekti\u011fini bir kez daha hat\u0131rlama g\u00fcn\u00fc. Kad\u0131nlar\u0131m\u0131z\u0131n sanata katt\u0131\u011f\u0131 de\u011fer, hayat\u0131m\u0131za zarafet ve anlam kat\u0131yor&#8221; dedi.<br \/>\n<br \/>Kad\u0131nlar\u0131n toplumun her alan\u0131nda daha fazla yer almas\u0131 i\u00e7in desteklerini s\u00fcrd\u00fcrece\u011fini belirten Belediye Ba\u015fkan\u0131 Ey\u00fcp Kahveci, &#8220;K\u00fctahya olarak kad\u0131nlar\u0131n \u00fcretimini, sanat\u0131n\u0131 ve eme\u011fini destekleyen projelere her zaman \u00f6ncelik verece\u011fiz. Onlar\u0131n ba\u015far\u0131s\u0131, hepimizin ba\u015far\u0131s\u0131d\u0131r&#8221; \u015feklinde konu\u015ftu.<br \/>\n<br \/>Kent Konseyi K\u00fclt\u00fcr ve Sanat Merkezi \u00c7al\u0131\u015fma Grubu Ba\u015fkan\u0131 Sebahat Sar\u0131o\u011flu, &#8220;Ben ve sanat\u00e7\u0131lar\u0131m\u0131z, katk\u0131lar\u0131 sebebiyle Belediye Ba\u015fkan\u0131 Ey\u00fcp Kahveci, Kent Konseyi Ba\u015fkan\u0131 B\u00fclent Cebeci, \u0130l K\u00fclt\u00fcr ve Turizm M\u00fcd\u00fcr\u00fc Zekeriya \u00dcnal ve Belediye K\u00fclt\u00fcr ve Sosyal \u0130\u015fler M\u00fcd\u00fcr\u00fc Y\u0131ld\u0131r\u0131m Akg\u00fcl\u2019e te\u015fekk\u00fcrlerimizi sunuyoruz&#8221; diye konu\u015ftu.<br \/>\n<br \/>Sergide Sebahat Sar\u0131o\u011flu, Aynur Kinkav, \u00d6zlem Zeyrek \u00d6z\u00e7ay, Selda \u00dcnveren, Fatma Pat, Ay\u015fe Kart, Halime Tutu\u015f, Seyhan Ekizta\u015f, Selime Pehlivan, Seval Beyd\u00fcz ve Hakime G\u00fclsoy\u2019un eserleri yer ald\u0131.<br \/><\/p>\n","protected":false},"excerpt":{"rendered":"<p>K\u00fctahya Belediye Ba\u015fkan\u0131 Ey\u00fcp Kahveci, D\u00fcnya Kad\u0131nlar G\u00fcn\u00fc dolay\u0131s\u0131yla Kent Konseyi K\u00fclt\u00fcr ve Sanat Merkezi \u00c7al\u0131\u015fma Grubu Ba\u015fkanl\u0131\u011f\u0131 \u00f6n\u00fcnde d\u00fczenlenen karma sergiye kat\u0131ld\u0131. Kad\u0131n sanat\u00e7\u0131lar ve \u00fcreticiler taraf\u0131ndan haz\u0131rlanan sergide, tablolar, s\u00fcs e\u015fyalar\u0131 ve el sanatlar\u0131 gibi bir\u00e7ok eser ziyaret\u00e7ilere sunuldu. Sergiyi gezerek kad\u0131n sanat\u00e7\u0131larla sohbet eden Ba\u015fkan Kahveci, kad\u0131n eme\u011finin sanatla bulu\u015fmas\u0131n\u0131n b\u00fcy\u00fck bir&#8230;<\/p>\n","protected":false},"author":1,"featured_media":24816,"comment_status":"open","ping_status":"open","sticky":false,"template":"","format":"standard","meta":{"_crdt_document":"","footnotes":""},"categories":[1],"tags":[],"class_list":["post-24815","post","type-post","status-publish","format-standard","has-post-thumbnail","hentry","category-guncel"],"_links":{"self":[{"href":"https:\/\/www.egemtv.com\/index.php?rest_route=\/wp\/v2\/posts\/24815","targetHints":{"allow":["GET"]}}],"collection":[{"href":"https:\/\/www.egemtv.com\/index.php?rest_route=\/wp\/v2\/posts"}],"about":[{"href":"https:\/\/www.egemtv.com\/index.php?rest_route=\/wp\/v2\/types\/post"}],"author":[{"embeddable":true,"href":"https:\/\/www.egemtv.com\/index.php?rest_route=\/wp\/v2\/users\/1"}],"replies":[{"embeddable":true,"href":"https:\/\/www.egemtv.com\/index.php?rest_route=%2Fwp%2Fv2%2Fcomments&post=24815"}],"version-history":[{"count":1,"href":"https:\/\/www.egemtv.com\/index.php?rest_route=\/wp\/v2\/posts\/24815\/revisions"}],"predecessor-version":[{"id":24817,"href":"https:\/\/www.egemtv.com\/index.php?rest_route=\/wp\/v2\/posts\/24815\/revisions\/24817"}],"wp:featuredmedia":[{"embeddable":true,"href":"https:\/\/www.egemtv.com\/index.php?rest_route=\/wp\/v2\/media\/24816"}],"wp:attachment":[{"href":"https:\/\/www.egemtv.com\/index.php?rest_route=%2Fwp%2Fv2%2Fmedia&parent=24815"}],"wp:term":[{"taxonomy":"category","embeddable":true,"href":"https:\/\/www.egemtv.com\/index.php?rest_route=%2Fwp%2Fv2%2Fcategories&post=24815"},{"taxonomy":"post_tag","embeddable":true,"href":"https:\/\/www.egemtv.com\/index.php?rest_route=%2Fwp%2Fv2%2Ftags&post=24815"}],"curies":[{"name":"wp","href":"https:\/\/api.w.org\/{rel}","templated":true}]}}