{"id":24812,"date":"2025-03-08T17:54:40","date_gmt":"2025-03-08T14:54:40","guid":{"rendered":"https:\/\/www.egemtv.com\/?p=24812"},"modified":"2025-03-08T17:54:45","modified_gmt":"2025-03-08T14:54:45","slug":"kaymakam-eser-8-martta-sehit-annelerini-unutmadi","status":"publish","type":"post","link":"https:\/\/www.egemtv.com\/?p=24812","title":{"rendered":"Kaymakam Eser, 8 Mart\u2019ta \u015fehit annelerini unutmad\u0131"},"content":{"rendered":"<p>Afyonkarahisar\u2019\u0131n \u015euhut Kaymakam\u0131 \u0130zzet Cem Eser, 8 Mart D\u00fcnya Kad\u0131nlar g\u00fcn\u00fc dolay\u0131s\u0131yla \u015fehit annelerini ziyaret ederek \u00e7i\u00e7ek takdim etti.<br \/>\n<br \/>Kaymakam Eser, 8 Mart D\u00fcnya Kad\u0131nlar G\u00fcn\u00fc vesilesiyle, \u015eehit Annesi Raziye K\u0131l\u0131\u00e7arslan,<br \/>\n<br \/>\u015eehit E\u015fi Ay\u015fe K\u0131l\u0131\u00e7arslan ve Bademli K\u00f6y Muhtar\u0131 Arife Ba\u015fyi\u011fit\u2019i ziyaret etti.<br \/>\n<br \/>Kaymakam Eser, ziyaretlerinde kad\u0131nlar\u0131n toplumdaki \u00f6nemine vurgu yaparak, onlar\u0131n fedakarl\u0131klar\u0131n\u0131n ve emeklerinin her zaman takdir edilmesi gerekti\u011fini ifade etti. Kad\u0131nlar\u0131n g\u00fc\u00e7l\u00fc, e\u015fit ve hak ettikleri konumda olmalar\u0131 i\u00e7in \u00e7al\u0131\u015fmaya devam edeceklerini belirten Kaymakam Ese, t\u00fcm kad\u0131nlar\u0131n 8 Mart D\u00fcnya Kad\u0131nlar G\u00fcn\u00fc\u2019n\u00fc kutlad\u0131.<br \/><\/p>\n","protected":false},"excerpt":{"rendered":"<p>Afyonkarahisar\u2019\u0131n \u015euhut Kaymakam\u0131 \u0130zzet Cem Eser, 8 Mart D\u00fcnya Kad\u0131nlar g\u00fcn\u00fc dolay\u0131s\u0131yla \u015fehit annelerini ziyaret ederek \u00e7i\u00e7ek takdim etti. Kaymakam Eser, 8 Mart D\u00fcnya Kad\u0131nlar G\u00fcn\u00fc vesilesiyle, \u015eehit Annesi Raziye K\u0131l\u0131\u00e7arslan, \u015eehit E\u015fi Ay\u015fe K\u0131l\u0131\u00e7arslan ve Bademli K\u00f6y Muhtar\u0131 Arife Ba\u015fyi\u011fit\u2019i ziyaret etti. Kaymakam Eser, ziyaretlerinde kad\u0131nlar\u0131n toplumdaki \u00f6nemine vurgu yaparak, onlar\u0131n fedakarl\u0131klar\u0131n\u0131n ve emeklerinin&#8230;<\/p>\n","protected":false},"author":1,"featured_media":24813,"comment_status":"open","ping_status":"open","sticky":false,"template":"","format":"standard","meta":{"_crdt_document":"","footnotes":""},"categories":[1],"tags":[],"class_list":["post-24812","post","type-post","status-publish","format-standard","has-post-thumbnail","hentry","category-guncel"],"_links":{"self":[{"href":"https:\/\/www.egemtv.com\/index.php?rest_route=\/wp\/v2\/posts\/24812","targetHints":{"allow":["GET"]}}],"collection":[{"href":"https:\/\/www.egemtv.com\/index.php?rest_route=\/wp\/v2\/posts"}],"about":[{"href":"https:\/\/www.egemtv.com\/index.php?rest_route=\/wp\/v2\/types\/post"}],"author":[{"embeddable":true,"href":"https:\/\/www.egemtv.com\/index.php?rest_route=\/wp\/v2\/users\/1"}],"replies":[{"embeddable":true,"href":"https:\/\/www.egemtv.com\/index.php?rest_route=%2Fwp%2Fv2%2Fcomments&post=24812"}],"version-history":[{"count":1,"href":"https:\/\/www.egemtv.com\/index.php?rest_route=\/wp\/v2\/posts\/24812\/revisions"}],"predecessor-version":[{"id":24814,"href":"https:\/\/www.egemtv.com\/index.php?rest_route=\/wp\/v2\/posts\/24812\/revisions\/24814"}],"wp:featuredmedia":[{"embeddable":true,"href":"https:\/\/www.egemtv.com\/index.php?rest_route=\/wp\/v2\/media\/24813"}],"wp:attachment":[{"href":"https:\/\/www.egemtv.com\/index.php?rest_route=%2Fwp%2Fv2%2Fmedia&parent=24812"}],"wp:term":[{"taxonomy":"category","embeddable":true,"href":"https:\/\/www.egemtv.com\/index.php?rest_route=%2Fwp%2Fv2%2Fcategories&post=24812"},{"taxonomy":"post_tag","embeddable":true,"href":"https:\/\/www.egemtv.com\/index.php?rest_route=%2Fwp%2Fv2%2Ftags&post=24812"}],"curies":[{"name":"wp","href":"https:\/\/api.w.org\/{rel}","templated":true}]}}