{"id":24809,"date":"2025-03-08T17:27:16","date_gmt":"2025-03-08T14:27:16","guid":{"rendered":"https:\/\/www.egemtv.com\/?p=24809"},"modified":"2025-03-08T17:27:20","modified_gmt":"2025-03-08T14:27:20","slug":"jandarma-sehit-annelerini-ve-kadinlari-unutmadi","status":"publish","type":"post","link":"https:\/\/www.egemtv.com\/?p=24809","title":{"rendered":"Jandarma, \u015fehit annelerini ve kad\u0131nlar\u0131 unutmad\u0131"},"content":{"rendered":"<p>Mu\u011fla \u0130l Jandarma Komutanl\u0131\u011f\u0131 8 Mart D\u00fcnya Kad\u0131nlar G\u00fcn\u00fc nedeniyle \u015fehit annelerini ziyaret etti.<br \/>\n<br \/>8 Mart D\u00fcnya Kad\u0131nlar g\u00fcn\u00fcnde, Mu\u011fla \u0130l Jandarma Komutanl\u0131\u011f\u0131 Aile \u0130\u00e7i \u015eiddetle M\u00fccadele ve \u00c7ocuk \u015eube M\u00fcd\u00fcrl\u00fc\u011f\u00fc ve K\u0131s\u0131m Amirlikleri taraf\u0131ndan \u015fehitlerin anneleri ziyaret edilerek Anneler G\u00fcn\u00fc kutland\u0131.<br \/>\n<br \/>\u0130l Jandarma ekipleri taraf\u0131ndan anneler g\u00fcn\u00fc nedeniyle a\u00e7\u0131lan stantlarda ve yol kontrol noktalar\u0131nda, hayat\u0131n her alan\u0131nda eme\u011fi ve azmiyle fark olu\u015fturan kad\u0131nlara karanfil hediye edilerek g\u00fcnleri kutland\u0131.<br \/><\/p>\n","protected":false},"excerpt":{"rendered":"<p>Mu\u011fla \u0130l Jandarma Komutanl\u0131\u011f\u0131 8 Mart D\u00fcnya Kad\u0131nlar G\u00fcn\u00fc nedeniyle \u015fehit annelerini ziyaret etti. 8 Mart D\u00fcnya Kad\u0131nlar g\u00fcn\u00fcnde, Mu\u011fla \u0130l Jandarma Komutanl\u0131\u011f\u0131 Aile \u0130\u00e7i \u015eiddetle M\u00fccadele ve \u00c7ocuk \u015eube M\u00fcd\u00fcrl\u00fc\u011f\u00fc ve K\u0131s\u0131m Amirlikleri taraf\u0131ndan \u015fehitlerin anneleri ziyaret edilerek Anneler G\u00fcn\u00fc kutland\u0131. \u0130l Jandarma ekipleri taraf\u0131ndan anneler g\u00fcn\u00fc nedeniyle a\u00e7\u0131lan stantlarda ve yol kontrol noktalar\u0131nda,&#8230;<\/p>\n","protected":false},"author":1,"featured_media":24810,"comment_status":"open","ping_status":"open","sticky":false,"template":"","format":"standard","meta":{"_crdt_document":"","footnotes":""},"categories":[123],"tags":[],"class_list":["post-24809","post","type-post","status-publish","format-standard","has-post-thumbnail","hentry","category-gundem"],"_links":{"self":[{"href":"https:\/\/www.egemtv.com\/index.php?rest_route=\/wp\/v2\/posts\/24809","targetHints":{"allow":["GET"]}}],"collection":[{"href":"https:\/\/www.egemtv.com\/index.php?rest_route=\/wp\/v2\/posts"}],"about":[{"href":"https:\/\/www.egemtv.com\/index.php?rest_route=\/wp\/v2\/types\/post"}],"author":[{"embeddable":true,"href":"https:\/\/www.egemtv.com\/index.php?rest_route=\/wp\/v2\/users\/1"}],"replies":[{"embeddable":true,"href":"https:\/\/www.egemtv.com\/index.php?rest_route=%2Fwp%2Fv2%2Fcomments&post=24809"}],"version-history":[{"count":1,"href":"https:\/\/www.egemtv.com\/index.php?rest_route=\/wp\/v2\/posts\/24809\/revisions"}],"predecessor-version":[{"id":24811,"href":"https:\/\/www.egemtv.com\/index.php?rest_route=\/wp\/v2\/posts\/24809\/revisions\/24811"}],"wp:featuredmedia":[{"embeddable":true,"href":"https:\/\/www.egemtv.com\/index.php?rest_route=\/wp\/v2\/media\/24810"}],"wp:attachment":[{"href":"https:\/\/www.egemtv.com\/index.php?rest_route=%2Fwp%2Fv2%2Fmedia&parent=24809"}],"wp:term":[{"taxonomy":"category","embeddable":true,"href":"https:\/\/www.egemtv.com\/index.php?rest_route=%2Fwp%2Fv2%2Fcategories&post=24809"},{"taxonomy":"post_tag","embeddable":true,"href":"https:\/\/www.egemtv.com\/index.php?rest_route=%2Fwp%2Fv2%2Ftags&post=24809"}],"curies":[{"name":"wp","href":"https:\/\/api.w.org\/{rel}","templated":true}]}}