{"id":24806,"date":"2025-03-08T17:27:08","date_gmt":"2025-03-08T14:27:08","guid":{"rendered":"https:\/\/www.egemtv.com\/?p=24806"},"modified":"2025-03-08T17:27:16","modified_gmt":"2025-03-08T14:27:16","slug":"mugla-buyuksehirden-bir-ilk-bin-382-kiz-ogrenciye-hijyen-destegi","status":"publish","type":"post","link":"https:\/\/www.egemtv.com\/?p=24806","title":{"rendered":"Mu\u011fla B\u00fcy\u00fck\u015fehir\u2019den bir ilk: Bin 382 k\u0131z \u00f6\u011frenciye hijyen deste\u011fi"},"content":{"rendered":"<p>Sosyal belediyecilik anlay\u0131\u015f\u0131yla \u00f6nemli bir projeyi daha hayata ge\u00e7iren Mu\u011fla B\u00fcy\u00fck\u015fehir Belediyesi, b\u00fcnyesinde \u00e7al\u0131\u015fan Bin 382 kad\u0131n personel ad\u0131na, Bin 382 k\u0131z \u00f6\u011frenciye hijyen deste\u011fi sa\u011flayacak.<br \/>\n<br \/>Mu\u011fla B\u00fcy\u00fck\u015fehir Belediyesi, 8 Mart D\u00fcnya Kad\u0131nlar G\u00fcn\u00fcnde sosyal belediyecilik anlay\u0131\u015f\u0131n\u0131 g\u00fc\u00e7lendiren \u00f6rnek bir projeye daha imza att\u0131. Kad\u0131nlar\u0131n desteklenmesi ve toplumsal fark\u0131ndal\u0131k olu\u015fturulmas\u0131 amac\u0131yla belediyede \u00e7al\u0131\u015fan Bin 382 kad\u0131n personel ad\u0131na, Bin 382 k\u0131z \u00f6\u011frenciye hijyen deste\u011fi sa\u011flanacak.<br \/>\n<br \/>B\u00fcy\u00fck\u015fehir\u2019den \u00f6rnek hijyen deste\u011fi<br \/>\n<br \/>B\u00fcy\u00fck\u015fehir Belediyesi, k\u0131z \u00f6\u011frenciler i\u00e7in ba\u015flatt\u0131\u011f\u0131 &#8220;Hijyen Destek Paketi&#8221; projesi ile k\u0131z \u00f6\u011frencilerin ekonomik y\u00fck\u00fcn\u00fc hafifletmeyi, toplumsal fark\u0131ndal\u0131k olu\u015fturmay\u0131 ve en \u00f6nemlisi hijyen kitlerine ula\u015fmada ya\u015fanan yoksunlu\u011fu hafifletmeyi hedefliyor. Hijyen deste\u011finden yararlanmak isteyen k\u0131z \u00f6\u011frenciler 444 48 01 numaral\u0131 hatt\u0131 arayarak veya https:\/\/forms.gle\/jQGURNbf4i2Rasq9A web adresinden form doldurarak kay\u0131t yapt\u0131rabilir.<br \/>\n<br \/>Ba\u015fkan Aras: &#8220;Kad\u0131nlar\u0131, gen\u00e7leri ve \u00e7ocuklar\u0131 destekleyen projeler \u00fcretmeye devam edece\u011fiz&#8221;<br \/>\n<br \/>K\u0131y\u0131 Ege Belediyeler Birli\u011fi ve Mu\u011fla B\u00fcy\u00fck\u015fehir Belediye Ba\u015fkan\u0131 Ahmet Aras, &#8220;Sosyal belediyecilik anlay\u0131\u015f\u0131m\u0131z gere\u011fi, her kesimin ihtiyac\u0131na y\u00f6nelik projeler \u00fcretmeye devam ediyoruz. Bu kapsamda, B\u00fcy\u00fck\u015fehir Belediyesi olarak \u00f6zellikle gen\u00e7 k\u0131zlar\u0131n hijyen \u00fcr\u00fcnlerine eri\u015fimde ya\u015fad\u0131\u011f\u0131 zorluklar\u0131 g\u00f6z \u00f6n\u00fcnde bulundurarak \u2018Hijyen Destek Paketi\u2019 projemizi hayata ge\u00e7irdik. Amac\u0131m\u0131z, gen\u00e7 k\u0131zlar\u0131n e\u011fitim hayat\u0131nda hijyen \u00fcr\u00fcnlerine eri\u015fim konusundaki s\u0131k\u0131nt\u0131lar\u0131n\u0131 hafifletmek, onlar\u0131n daha sa\u011fl\u0131kl\u0131 ve g\u00fcvenli bir \u015fekilde hayatlar\u0131na devam etmelerini sa\u011flamak. \u00c7\u00fcnk\u00fc biliyoruz ki her k\u0131z \u00e7ocu\u011fu, sa\u011fl\u0131kl\u0131 bir geli\u015fim hijyen \u015fartlar\u0131nda ya\u015fama hakk\u0131na sahiptir. Mu\u011fla B\u00fcy\u00fck\u015fehir Belediyesi olarak, kad\u0131nlar\u0131, gen\u00e7leri ve \u00e7ocuklar\u0131 destekleyen projeler \u00fcretmeye devam edece\u011fiz&#8221; dedi.<br \/><\/p>\n","protected":false},"excerpt":{"rendered":"<p>Sosyal belediyecilik anlay\u0131\u015f\u0131yla \u00f6nemli bir projeyi daha hayata ge\u00e7iren Mu\u011fla B\u00fcy\u00fck\u015fehir Belediyesi, b\u00fcnyesinde \u00e7al\u0131\u015fan Bin 382 kad\u0131n personel ad\u0131na, Bin 382 k\u0131z \u00f6\u011frenciye hijyen deste\u011fi sa\u011flayacak. Mu\u011fla B\u00fcy\u00fck\u015fehir Belediyesi, 8 Mart D\u00fcnya Kad\u0131nlar G\u00fcn\u00fcnde sosyal belediyecilik anlay\u0131\u015f\u0131n\u0131 g\u00fc\u00e7lendiren \u00f6rnek bir projeye daha imza att\u0131. Kad\u0131nlar\u0131n desteklenmesi ve toplumsal fark\u0131ndal\u0131k olu\u015fturulmas\u0131 amac\u0131yla belediyede \u00e7al\u0131\u015fan Bin 382&#8230;<\/p>\n","protected":false},"author":1,"featured_media":24807,"comment_status":"open","ping_status":"open","sticky":false,"template":"","format":"standard","meta":{"_crdt_document":"","footnotes":""},"categories":[2],"tags":[],"class_list":["post-24806","post","type-post","status-publish","format-standard","has-post-thumbnail","hentry","category-saglik"],"_links":{"self":[{"href":"https:\/\/www.egemtv.com\/index.php?rest_route=\/wp\/v2\/posts\/24806","targetHints":{"allow":["GET"]}}],"collection":[{"href":"https:\/\/www.egemtv.com\/index.php?rest_route=\/wp\/v2\/posts"}],"about":[{"href":"https:\/\/www.egemtv.com\/index.php?rest_route=\/wp\/v2\/types\/post"}],"author":[{"embeddable":true,"href":"https:\/\/www.egemtv.com\/index.php?rest_route=\/wp\/v2\/users\/1"}],"replies":[{"embeddable":true,"href":"https:\/\/www.egemtv.com\/index.php?rest_route=%2Fwp%2Fv2%2Fcomments&post=24806"}],"version-history":[{"count":1,"href":"https:\/\/www.egemtv.com\/index.php?rest_route=\/wp\/v2\/posts\/24806\/revisions"}],"predecessor-version":[{"id":24808,"href":"https:\/\/www.egemtv.com\/index.php?rest_route=\/wp\/v2\/posts\/24806\/revisions\/24808"}],"wp:featuredmedia":[{"embeddable":true,"href":"https:\/\/www.egemtv.com\/index.php?rest_route=\/wp\/v2\/media\/24807"}],"wp:attachment":[{"href":"https:\/\/www.egemtv.com\/index.php?rest_route=%2Fwp%2Fv2%2Fmedia&parent=24806"}],"wp:term":[{"taxonomy":"category","embeddable":true,"href":"https:\/\/www.egemtv.com\/index.php?rest_route=%2Fwp%2Fv2%2Fcategories&post=24806"},{"taxonomy":"post_tag","embeddable":true,"href":"https:\/\/www.egemtv.com\/index.php?rest_route=%2Fwp%2Fv2%2Ftags&post=24806"}],"curies":[{"name":"wp","href":"https:\/\/api.w.org\/{rel}","templated":true}]}}