{"id":24803,"date":"2025-03-08T16:27:31","date_gmt":"2025-03-08T13:27:31","guid":{"rendered":"https:\/\/www.egemtv.com\/?p=24803"},"modified":"2025-03-08T16:27:35","modified_gmt":"2025-03-08T13:27:35","slug":"baskan-yetiskin-bugun-bir-zafer-yolculuguna-ciktik","status":"publish","type":"post","link":"https:\/\/www.egemtv.com\/?p=24803","title":{"rendered":"Ba\u015fkan Yeti\u015fkin: &#8220;Bug\u00fcn, bir zafer yolculu\u011funa \u00e7\u0131kt\u0131k&#8221;"},"content":{"rendered":"<p>Cumhurba\u015fkanl\u0131\u011f\u0131 adayl\u0131\u011f\u0131 \u00f6n se\u00e7im bulu\u015fmalar\u0131 kapsam\u0131nda \u0130zmir\u2019e gelen Ekrem \u0130mamo\u011flu\u2019nu yaln\u0131z b\u0131rakmayan Efeler Belediye Ba\u015fkan\u0131 An\u0131l Yeti\u015fkin, &#8220;Hedeflerimizi ger\u00e7ekle\u015ftirmek i\u00e7in bug\u00fcn, bir zafer yolculu\u011funa \u00e7\u0131kt\u0131k&#8221; dedi.<br \/>\n<br \/>\u0130stanbul B\u00fcy\u00fck\u015fehir Belediye Ba\u015fkan\u0131 ve T\u00fcrkiye Belediyeler Birli\u011fi (TBB) Ba\u015fkan\u0131 Ekrem \u0130mamo\u011flu, Cumhuriyet Halk Partisi\u2019nin (CHP) cumhurba\u015fkan\u0131 aday aday\u0131 oldu. 23 Mart Pazar g\u00fcn\u00fc ger\u00e7ekle\u015ftirilecek se\u00e7imde CHP\u2019li \u00fcyeler, partinin cumhurba\u015fkan\u0131 aday\u0131n\u0131 belirleyecek. Bunun \u00fczerine yurt gezilerine ba\u015flayan \u0130mamo\u011flu\u2019nun ilk adresi \u0130zmir oldu. Efeler Belediye Ba\u015fkan\u0131 An\u0131l Yeti\u015fkin, Ku\u015fadas\u0131 Belediye Ba\u015fkan\u0131 \u00d6mer G\u00fcnel, Germencik Belediye Ba\u015fkan\u0131 Burak Zencirci, Ko\u00e7arl\u0131 Belediye Ba\u015fkan\u0131 \u00d6zg\u00fcr Ar\u0131c\u0131, Kuyucak Belediye Ba\u015fkan\u0131 U\u011fur Do\u011fanca, \u0130mamo\u011flu\u2019nu \u015fehirde yaln\u0131z b\u0131rakmayan isimlerden oldu. \u0130mamo\u011flu\u2019nu Kar\u015f\u0131yaka\u2019daki Mustafa Kemal Atat\u00fcrk Kapal\u0131 Spor Salonu\u2019nda binlerce ki\u015fi kar\u015f\u0131lad\u0131. \u0130mamo\u011flu, buradaki partililere vaatlerini anlatt\u0131.<\/p>\n<p>&#8220;Zafer yolculu\u011funda daima omuz omuza&#8221;<br \/>\n<br \/>B\u00f6yle bir d\u00f6nemde Ekrem \u0130mamo\u011flu\u2019na e\u015flik etmenin gururunu ya\u015fad\u0131\u011f\u0131n\u0131 ifade eden Efeler Belediye Ba\u015fkan\u0131 An\u0131l Yeti\u015fkin ise yapt\u0131\u011f\u0131 a\u00e7\u0131klamas\u0131nda &#8220;\u00dclkemiz hak etti\u011fi adil, \u00e7a\u011fda\u015f ve refah ya\u015fama yeniden kavu\u015fmak zorundad\u0131r. Bu hedeflerimizi ger\u00e7ekle\u015ftirmek i\u00e7in bug\u00fcn bir zafer yolculu\u011funa \u00e7\u0131kt\u0131k. Her ad\u0131mda \u0130mamo\u011flu ile omuz omuza olaca\u011f\u0131m\u0131z\u0131n s\u00f6z\u00fcn\u00fc tekrarlamak istiyor ve kendisine ba\u015far\u0131lar diliyorum&#8221; ifadelerini kulland\u0131.<br \/><\/p>\n","protected":false},"excerpt":{"rendered":"<p>Cumhurba\u015fkanl\u0131\u011f\u0131 adayl\u0131\u011f\u0131 \u00f6n se\u00e7im bulu\u015fmalar\u0131 kapsam\u0131nda \u0130zmir\u2019e gelen Ekrem \u0130mamo\u011flu\u2019nu yaln\u0131z b\u0131rakmayan Efeler Belediye Ba\u015fkan\u0131 An\u0131l Yeti\u015fkin, &#8220;Hedeflerimizi ger\u00e7ekle\u015ftirmek i\u00e7in bug\u00fcn, bir zafer yolculu\u011funa \u00e7\u0131kt\u0131k&#8221; dedi. \u0130stanbul B\u00fcy\u00fck\u015fehir Belediye Ba\u015fkan\u0131 ve T\u00fcrkiye Belediyeler Birli\u011fi (TBB) Ba\u015fkan\u0131 Ekrem \u0130mamo\u011flu, Cumhuriyet Halk Partisi\u2019nin (CHP) cumhurba\u015fkan\u0131 aday aday\u0131 oldu. 23 Mart Pazar g\u00fcn\u00fc ger\u00e7ekle\u015ftirilecek se\u00e7imde CHP\u2019li \u00fcyeler, partinin&#8230;<\/p>\n","protected":false},"author":1,"featured_media":24804,"comment_status":"open","ping_status":"open","sticky":false,"template":"","format":"standard","meta":{"_crdt_document":"","footnotes":""},"categories":[127],"tags":[],"class_list":["post-24803","post","type-post","status-publish","format-standard","has-post-thumbnail","hentry","category-siyaset"],"_links":{"self":[{"href":"https:\/\/www.egemtv.com\/index.php?rest_route=\/wp\/v2\/posts\/24803","targetHints":{"allow":["GET"]}}],"collection":[{"href":"https:\/\/www.egemtv.com\/index.php?rest_route=\/wp\/v2\/posts"}],"about":[{"href":"https:\/\/www.egemtv.com\/index.php?rest_route=\/wp\/v2\/types\/post"}],"author":[{"embeddable":true,"href":"https:\/\/www.egemtv.com\/index.php?rest_route=\/wp\/v2\/users\/1"}],"replies":[{"embeddable":true,"href":"https:\/\/www.egemtv.com\/index.php?rest_route=%2Fwp%2Fv2%2Fcomments&post=24803"}],"version-history":[{"count":1,"href":"https:\/\/www.egemtv.com\/index.php?rest_route=\/wp\/v2\/posts\/24803\/revisions"}],"predecessor-version":[{"id":24805,"href":"https:\/\/www.egemtv.com\/index.php?rest_route=\/wp\/v2\/posts\/24803\/revisions\/24805"}],"wp:featuredmedia":[{"embeddable":true,"href":"https:\/\/www.egemtv.com\/index.php?rest_route=\/wp\/v2\/media\/24804"}],"wp:attachment":[{"href":"https:\/\/www.egemtv.com\/index.php?rest_route=%2Fwp%2Fv2%2Fmedia&parent=24803"}],"wp:term":[{"taxonomy":"category","embeddable":true,"href":"https:\/\/www.egemtv.com\/index.php?rest_route=%2Fwp%2Fv2%2Fcategories&post=24803"},{"taxonomy":"post_tag","embeddable":true,"href":"https:\/\/www.egemtv.com\/index.php?rest_route=%2Fwp%2Fv2%2Ftags&post=24803"}],"curies":[{"name":"wp","href":"https:\/\/api.w.org\/{rel}","templated":true}]}}