{"id":24800,"date":"2025-03-08T16:12:10","date_gmt":"2025-03-08T13:12:10","guid":{"rendered":"https:\/\/www.egemtv.com\/?p=24800"},"modified":"2025-03-08T16:12:16","modified_gmt":"2025-03-08T13:12:16","slug":"baskan-zeyrekten-akhisara-kent-lokantasi-ve-halk-mandira-mujdesi","status":"publish","type":"post","link":"https:\/\/www.egemtv.com\/?p=24800","title":{"rendered":"Ba\u015fkan Zeyrek\u2019ten Akhisar\u2019a \u2019Kent Lokantas\u0131 ve Halk Mand\u0131ra\u2019 m\u00fcjdesi"},"content":{"rendered":"<p>Manisa B\u00fcy\u00fck\u015fehir Belediye Ba\u015fkan\u0131 Mimar Ferdi Zeyrek, Akhisar Belediye Ba\u015fkan\u0131 Besim Dutlulu ile birlikte Da\u011fdere Mahallesi\u2019ne ziyarette bulundu. \u00d6zellikle sosyal belediyecilik anlam\u0131nda bir\u00e7ok projeyi hayata ge\u00e7irdiklerini belirten Zeyrek, &#8220;\u00d6n\u00fcm\u00fczdeki ay nasipse Akhisar\u2019da Kent Lokantas\u0131, Halk Mand\u0131ra a\u00e7\u0131lacak&#8221; dedi.<br \/>\n<br \/>Manisa B\u00fcy\u00fck\u015fehir Belediye Ba\u015fkan\u0131 Ferdi Zeyrek, Da\u011fdere Mahallesi\u2019ni ziyaret etti. Ba\u015fkan Ferdi Zeyrek\u2019e, ziyaretinde Akhisar Belediye Ba\u015fkan\u0131 Besim Dutlulu, CHP Akhisar \u0130l\u00e7e Ba\u015fkan\u0131 Hayriye Hacet, meclis \u00fcyeleri e\u015flik etti. Ba\u015fkan Zeyrek, Da\u011fdere Mahallesi\u2019nde, mahalle sakinleri ile \u00e7evre mahallelerin muhtarlar\u0131 ile bir araya geldi. Mahalle halk\u0131na seslenen Ferdi Zeyrek, &#8220;G\u00f6reve gelmemizin \u00fczerinden yakla\u015f\u0131k olarak 11 ay oldu. Biz buraya bir yat\u0131r\u0131m yapacaksak \u00f6nce Besim Ba\u015fkan\u2019a sorduk. Biz Akhisar\u2019a 2025\u2019te ne yapal\u0131m diye. Akhisar\u2019da yap\u0131lacaklar\u0131 Besim Ba\u015fkan ile s\u0131ralamaya koyduk. Da\u011fdere\u2019deki bu k\u00f6pr\u00fcn\u00fcn de olmazsa olmaz oldu\u011funu biliyorduk. \u00c7ok b\u00fcy\u00fck bir b\u00fct\u00e7ede de\u011fildi, \u00e7ok da rahat yap\u0131labiliyormu\u015f. Bir an \u00f6nce de hemen hayata ge\u00e7irdik&#8221; dedi.<br \/>\n<br \/>Da\u011fdere\u2019deki d\u00fc\u011f\u00fcn salonu eksikli\u011fi i\u00e7in ekiplerin incelemeye geldi\u011fini, \u00f6l\u00e7\u00fcmlerini yapt\u0131\u011f\u0131n\u0131 belirten Ba\u015fkan Ferdi Zeyrek, &#8220;\u0130n\u015fallah d\u00fc\u011f\u00fcn salonunu da en k\u0131sa s\u00fcrede kazand\u0131raca\u011f\u0131z. Cumhurba\u015fkanl\u0131\u011f\u0131 k\u0131s\u0131tlama tedbirleri var. Gelen paralar ge\u00e7en y\u0131la g\u00f6re neredeyse 3\u2019te 1 oran\u0131nda. Buna ra\u011fmen biz hizmet etmeye devam ediyoruz. Biz se\u00e7imde hep s\u00f6z verdik, dedik ki halk\u0131n paras\u0131 halk i\u00e7in harcanacak diye. Allah\u2019a \u00e7ok \u015f\u00fck\u00fcr ge\u00e7ti\u011fimiz 11 ayda da bu \u00e7izgiden asla \u00e7\u0131kmad\u0131k&#8221; ifadelerini kulland\u0131.<br \/>\n<br \/>11 ayda bir\u00e7ok noktaya dokunduklar\u0131n\u0131 dile getiren Ba\u015fkan Zeyrek, &#8220;\u00d6zellikle sosyal belediyecilik anlam\u0131nda bir\u00e7ok projeyi hayata ge\u00e7irdik. \u00d6n\u00fcm\u00fczdeki ayda nasipse Akhisar\u2019da Kent Lokantas\u0131, Halk Mand\u0131ra a\u00e7\u0131lacak. Anne Kart hizmeti ba\u015flad\u0131, yeni do\u011fan bebe\u011fe \u2019Ho\u015f Geldin Bebek\u2019 paketleri gidiyor. Manisa bunlar\u0131n hepsinden mahrum kalm\u0131\u015ft\u0131. Art\u0131k Manisa B\u00fcy\u00fck\u015fehir Belediyesinin bir whatsapp hatt\u0131 var. \u00c7\u00f6zmer\u2019i arama, telefonda bekleme son buldu. Siz sorununuzu neyse oraya yaz\u0131n, yazd\u0131\u011f\u0131n\u0131z anda kendi dairesine gidiyor, \u00e7\u00f6z\u00fcm noktas\u0131nda anbean haber veriliyor. 444 99 45 numaras\u0131ndan b\u00fct\u00fcn sorunlar\u0131n\u0131 ula\u015ft\u0131rabilirsiniz. Sorunlar\u0131n\u0131z\u0131 iletin ki \u00e7\u00f6z\u00fcm bulal\u0131m&#8221; \u015feklinde konu\u015ftu.<br \/><\/p>\n","protected":false},"excerpt":{"rendered":"<p>Manisa B\u00fcy\u00fck\u015fehir Belediye Ba\u015fkan\u0131 Mimar Ferdi Zeyrek, Akhisar Belediye Ba\u015fkan\u0131 Besim Dutlulu ile birlikte Da\u011fdere Mahallesi\u2019ne ziyarette bulundu. \u00d6zellikle sosyal belediyecilik anlam\u0131nda bir\u00e7ok projeyi hayata ge\u00e7irdiklerini belirten Zeyrek, &#8220;\u00d6n\u00fcm\u00fczdeki ay nasipse Akhisar\u2019da Kent Lokantas\u0131, Halk Mand\u0131ra a\u00e7\u0131lacak&#8221; dedi. Manisa B\u00fcy\u00fck\u015fehir Belediye Ba\u015fkan\u0131 Ferdi Zeyrek, Da\u011fdere Mahallesi\u2019ni ziyaret etti. Ba\u015fkan Ferdi Zeyrek\u2019e, ziyaretinde Akhisar Belediye Ba\u015fkan\u0131&#8230;<\/p>\n","protected":false},"author":1,"featured_media":24801,"comment_status":"open","ping_status":"open","sticky":false,"template":"","format":"standard","meta":{"_crdt_document":"","footnotes":""},"categories":[123],"tags":[],"class_list":["post-24800","post","type-post","status-publish","format-standard","has-post-thumbnail","hentry","category-gundem"],"_links":{"self":[{"href":"https:\/\/www.egemtv.com\/index.php?rest_route=\/wp\/v2\/posts\/24800","targetHints":{"allow":["GET"]}}],"collection":[{"href":"https:\/\/www.egemtv.com\/index.php?rest_route=\/wp\/v2\/posts"}],"about":[{"href":"https:\/\/www.egemtv.com\/index.php?rest_route=\/wp\/v2\/types\/post"}],"author":[{"embeddable":true,"href":"https:\/\/www.egemtv.com\/index.php?rest_route=\/wp\/v2\/users\/1"}],"replies":[{"embeddable":true,"href":"https:\/\/www.egemtv.com\/index.php?rest_route=%2Fwp%2Fv2%2Fcomments&post=24800"}],"version-history":[{"count":1,"href":"https:\/\/www.egemtv.com\/index.php?rest_route=\/wp\/v2\/posts\/24800\/revisions"}],"predecessor-version":[{"id":24802,"href":"https:\/\/www.egemtv.com\/index.php?rest_route=\/wp\/v2\/posts\/24800\/revisions\/24802"}],"wp:featuredmedia":[{"embeddable":true,"href":"https:\/\/www.egemtv.com\/index.php?rest_route=\/wp\/v2\/media\/24801"}],"wp:attachment":[{"href":"https:\/\/www.egemtv.com\/index.php?rest_route=%2Fwp%2Fv2%2Fmedia&parent=24800"}],"wp:term":[{"taxonomy":"category","embeddable":true,"href":"https:\/\/www.egemtv.com\/index.php?rest_route=%2Fwp%2Fv2%2Fcategories&post=24800"},{"taxonomy":"post_tag","embeddable":true,"href":"https:\/\/www.egemtv.com\/index.php?rest_route=%2Fwp%2Fv2%2Ftags&post=24800"}],"curies":[{"name":"wp","href":"https:\/\/api.w.org\/{rel}","templated":true}]}}