{"id":24797,"date":"2025-03-08T16:12:03","date_gmt":"2025-03-08T13:12:03","guid":{"rendered":"https:\/\/www.egemtv.com\/?p=24797"},"modified":"2025-03-08T16:12:10","modified_gmt":"2025-03-08T13:12:10","slug":"cicek-vermek-yerine-gida-kolisiyle-destek-oldular","status":"publish","type":"post","link":"https:\/\/www.egemtv.com\/?p=24797","title":{"rendered":"\u00c7i\u00e7ek vermek yerine g\u0131da kolisiyle destek oldular"},"content":{"rendered":"<p>Manisa\u2019n\u0131n Ala\u015fehir il\u00e7esinde Atat\u00fcrk\u00e7\u00fc D\u00fc\u015f\u00fcnce Derne\u011fi (ADD) taraf\u0131ndan 8 Mart D\u00fcnya Kad\u0131nlar G\u00fcn\u00fc dolay\u0131s\u0131yla depremzede ailelere \u00e7i\u00e7ek vermek yerine g\u0131da kolisiyle destek olundu.<br \/>\n<br \/>Manisa\u2019n\u0131n Ala\u015fehir il\u00e7esinde ADD, 8 Mart D\u00fcnya Kad\u0131nlar G\u00fcn\u00fcnde depremzede kad\u0131nlara destek olmay\u0131 ihmal etmedi. ADD Ba\u015fkan\u0131 Halil Garipo\u011flu ve y\u00f6netim kurulu \u00fcyeleri D\u00fcnya Kad\u0131nlar G\u00fcn\u00fc dolay\u0131s\u0131yla Hatay ve \u00e7evre illerde ya\u015fanan depremler sonras\u0131nda Ala\u015fehir\u2019e yerle\u015fmi\u015f olan depremzedeleri evlerinde ziyaret etti. Ba\u015fkan Garipo\u011flu ve dernek \u00fcyeleri depremzede ailelere \u00e7i\u00e7ek yerine g\u0131da kolisi da\u011f\u0131tt\u0131.<br \/>\n<br \/>Ziyaret kar\u015f\u0131s\u0131nda duygular\u0131na hakim olamayan depremzedeler g\u00f6zya\u015flar\u0131na bo\u011fuldu.<br \/>\n<br \/>Ala\u015fehir ADD Y\u00f6netim Kurulu \u00dcyesi Bar\u0131\u015f Uzgidim, &#8220;Bug\u00fcn D\u00fcnya Emek\u00e7i Kad\u0131nlar G\u00fcn\u00fc. Biz de ADD olarak kad\u0131nlar\u0131m\u0131z\u0131n bu g\u00fcn\u00fcn\u00fc kutlamak istedik. Fakat bir farkla onlara \u00e7i\u00e7ek almak, ge\u00e7ici bir hediye vermek yerine, depremde ma\u011fduriyet ya\u015fam\u0131\u015f ailelerimizi, kad\u0131nlar\u0131m\u0131z\u0131 ziyaret ederek onlar\u0131n mutfaklar\u0131na azda olsa katk\u0131 sa\u011flayabilecek g\u0131da paketi ve Atat\u00fcrk resm\u00ee ile birlikte derne\u011fimizin hediyelerini taktim ettik&#8221; dedi.<br \/><\/p>\n","protected":false},"excerpt":{"rendered":"<p>Manisa\u2019n\u0131n Ala\u015fehir il\u00e7esinde Atat\u00fcrk\u00e7\u00fc D\u00fc\u015f\u00fcnce Derne\u011fi (ADD) taraf\u0131ndan 8 Mart D\u00fcnya Kad\u0131nlar G\u00fcn\u00fc dolay\u0131s\u0131yla depremzede ailelere \u00e7i\u00e7ek vermek yerine g\u0131da kolisiyle destek olundu. Manisa\u2019n\u0131n Ala\u015fehir il\u00e7esinde ADD, 8 Mart D\u00fcnya Kad\u0131nlar G\u00fcn\u00fcnde depremzede kad\u0131nlara destek olmay\u0131 ihmal etmedi. ADD Ba\u015fkan\u0131 Halil Garipo\u011flu ve y\u00f6netim kurulu \u00fcyeleri D\u00fcnya Kad\u0131nlar G\u00fcn\u00fc dolay\u0131s\u0131yla Hatay ve \u00e7evre illerde ya\u015fanan&#8230;<\/p>\n","protected":false},"author":1,"featured_media":24798,"comment_status":"open","ping_status":"open","sticky":false,"template":"","format":"standard","meta":{"_crdt_document":"","footnotes":""},"categories":[123],"tags":[],"class_list":["post-24797","post","type-post","status-publish","format-standard","has-post-thumbnail","hentry","category-gundem"],"_links":{"self":[{"href":"https:\/\/www.egemtv.com\/index.php?rest_route=\/wp\/v2\/posts\/24797","targetHints":{"allow":["GET"]}}],"collection":[{"href":"https:\/\/www.egemtv.com\/index.php?rest_route=\/wp\/v2\/posts"}],"about":[{"href":"https:\/\/www.egemtv.com\/index.php?rest_route=\/wp\/v2\/types\/post"}],"author":[{"embeddable":true,"href":"https:\/\/www.egemtv.com\/index.php?rest_route=\/wp\/v2\/users\/1"}],"replies":[{"embeddable":true,"href":"https:\/\/www.egemtv.com\/index.php?rest_route=%2Fwp%2Fv2%2Fcomments&post=24797"}],"version-history":[{"count":1,"href":"https:\/\/www.egemtv.com\/index.php?rest_route=\/wp\/v2\/posts\/24797\/revisions"}],"predecessor-version":[{"id":24799,"href":"https:\/\/www.egemtv.com\/index.php?rest_route=\/wp\/v2\/posts\/24797\/revisions\/24799"}],"wp:featuredmedia":[{"embeddable":true,"href":"https:\/\/www.egemtv.com\/index.php?rest_route=\/wp\/v2\/media\/24798"}],"wp:attachment":[{"href":"https:\/\/www.egemtv.com\/index.php?rest_route=%2Fwp%2Fv2%2Fmedia&parent=24797"}],"wp:term":[{"taxonomy":"category","embeddable":true,"href":"https:\/\/www.egemtv.com\/index.php?rest_route=%2Fwp%2Fv2%2Fcategories&post=24797"},{"taxonomy":"post_tag","embeddable":true,"href":"https:\/\/www.egemtv.com\/index.php?rest_route=%2Fwp%2Fv2%2Ftags&post=24797"}],"curies":[{"name":"wp","href":"https:\/\/api.w.org\/{rel}","templated":true}]}}