{"id":24794,"date":"2025-03-08T16:11:56","date_gmt":"2025-03-08T13:11:56","guid":{"rendered":"https:\/\/www.egemtv.com\/?p=24794"},"modified":"2025-03-08T16:12:03","modified_gmt":"2025-03-08T13:12:03","slug":"manisa-egitim-bir-senden-guclu-kadin-guclu-aile-vurgusu","status":"publish","type":"post","link":"https:\/\/www.egemtv.com\/?p=24794","title":{"rendered":"Manisa E\u011fitim Bir Sen\u2019den \u2019G\u00fc\u00e7l\u00fc Kad\u0131n G\u00fc\u00e7l\u00fc Aile\u2019 vurgusu"},"content":{"rendered":"<p>Memur Sen Manisa \u0130l Temsilcisi ve E\u011fitim Bir Sen Manisa 1 Nolu \u015eube Ba\u015fkan\u0131 Ahmet Yasav, 8 Mart D\u00fcnya Kad\u0131nlar G\u00fcn\u00fc dolay\u0131s\u0131yla ilgili olarak, &#8220;G\u00fc\u00e7l\u00fc kad\u0131n, g\u00fc\u00e7l\u00fc aile. G\u00fc\u00e7l\u00fc aile, g\u00fc\u00e7l\u00fc toplum demektir&#8221; dedi.<br \/>\n<br \/>Memur Sen Manisa \u0130l Temsilcisi ve E\u011fitim Bir Sen Manisa 1 Nolu \u015eube Ba\u015fkan\u0131 Ahmet Yasav, 8 Mart D\u00fcnya Kad\u0131nlar G\u00fcn\u00fc\u2019n\u00fc kutlad\u0131. G\u00fcn\u00fcn anlam ve \u00f6nemine ili\u015fkin de\u011ferlendirmelerde bulunan Yasav, &#8220;BM taraf\u0131ndan \u2018D\u00fcnya Kad\u0131nlar G\u00fcn\u00fc\u2019 olarak kararla\u015ft\u0131r\u0131lan 8 Mart, genelde b\u00fct\u00fcn kad\u0131nlar\u0131n, \u00f6zelde \u00e7al\u0131\u015fan kad\u0131nlar\u0131n \u00e7al\u0131\u015fma \u015fartlar\u0131n\u0131 iyile\u015ftirmek, sosyal, ekonomik, k\u00fclt\u00fcrel haklar\u0131n\u0131 \u00e7o\u011faltmak, sorunlar\u0131n\u0131 tart\u0131\u015fmak, ba\u015far\u0131lar ve ma\u011fduriyetler \u00fczerinden fark\u0131ndal\u0131\u011f\u0131 art\u0131rmak, maksad\u0131yla kutlan\u0131r olmu\u015ftur. Ne var ki adeta insan soyuna pusu kuran kimi karanl\u0131k odaklar taraf\u0131ndan bu g\u00fcn\u00fcn, maksad\u0131 d\u0131\u015f\u0131na \u00e7\u0131kar\u0131ld\u0131\u011f\u0131n\u0131 g\u00f6rmek \u00fcz\u00fcc\u00fcd\u00fcr. D\u00fcnyan\u0131n bir\u00e7ok mazlum co\u011frafyalar\u0131nda ter\u00f6r, sava\u015f, s\u00fcrg\u00fcn ve soyk\u0131r\u0131m\u0131n \u00f6l\u00fcmc\u00fcl \u015fartlar\u0131nda her t\u00fcrl\u00fc ma\u011fduriyete maruz kalan milyonlarca kad\u0131n\u0131n ya\u015fam, hak, onur ve \u00f6zg\u00fcrl\u00fck m\u00fccadelesine sa\u011f\u0131r, k\u00f6r ve dilsiz kalan bu odaklar\u0131n ger\u00e7ek manada kad\u0131ndan yana olmad\u0131klar\u0131, kad\u0131n\u0131 yalan, talan ve bozgunculuklar\u0131 i\u00e7in istismar malzemesi olarak kulland\u0131klar\u0131 her ge\u00e7en g\u00fcn daha etkin ve yayg\u0131n anla\u015f\u0131lmaktad\u0131r. Aileden ba\u015flayarak toplumu sa\u011flam, sa\u011fl\u0131kl\u0131, g\u00fc\u00e7l\u00fc k\u0131lan as\u0131l akt\u00f6r kad\u0131nd\u0131r. Kad\u0131n\u0131n hayat i\u00e7inde konum ve sayg\u0131nl\u0131\u011f\u0131n\u0131 muhafaza etmek \u00f6nemlidir. Kad\u0131nlar\u0131n\u0131 zelil eden toplumlar zillete du\u00e7ar olur. Kad\u0131nlar\u0131n\u0131 al\u00e7altanlar y\u00fckselemezler. Kad\u0131nlara sayg\u0131, medeniyetin en temel g\u00f6stergesidir. Bizim medeniyet hayat\u0131m\u0131zda kad\u0131n, erkekten farkl\u0131 yarad\u0131l\u0131\u015f\u0131 sebebiyle ne d\u0131\u015flanm\u0131\u015f ne istismar edilmi\u015ftir. Biz kad\u0131n erkek ili\u015fkisini toplumsal b\u00fct\u00fcnl\u00fck, adalet ve hakkaniyet esas\u0131 \u00fczerine bina etmi\u015fizdir.  Kadim d\u00f6nemlerde kad\u0131n\u0131 varl\u0131\u011f\u0131n realitesine uzak konumland\u0131ran Bat\u0131 k\u00fclt\u00fcr ve uygarl\u0131\u011f\u0131, sanayile\u015fme ve kentle\u015fmeyle h\u0131z kazanan modern d\u00f6nemde, s\u00f6zde \u2018de\u011fer verme\u2019 yalan\u0131yla kad\u0131n\u0131 \u00f6nce ucuz i\u015f g\u00fcc\u00fc olarak istihdam etmi\u015f, eme\u011fini s\u00f6m\u00fcrm\u00fc\u015ft\u00fcr. Maddi kazan\u00e7tan ba\u015fka amac\u0131, zevk ve hazz\u0131n \u00fczerinde kutsal\u0131 olmayan kapitalizm, daha sonra ilkesiz ahlaks\u0131zl\u0131\u011f\u0131na kad\u0131n\u0131 alet ve arac\u0131 k\u0131lm\u0131\u015f, duygu ve mecburiyetini talan ve istismar etmi\u015ftir. Kad\u0131n\u0131 \u00f6nce t\u00fcketimin k\u00f6lesi sonra t\u00fcketim nesnesi olarak de\u011fersizle\u015ftirmi\u015flerdir. Gelinen son a\u015famada kad\u0131n\u0131n duygusu, sevgisi, \u015fefkati, ruhu, onuru, ontolojik varl\u0131\u011f\u0131, ailesi ve en nihayet b\u00fct\u00fcn naif f\u0131tri de\u011ferleriyle varl\u0131\u011f\u0131, kendisinden ve b\u00fct\u00fcn bir insanl\u0131ktan \u00e7al\u0131nm\u0131\u015ft\u0131r. Toplumsal cinsiyet ve cinsiyetsizle\u015ftirmeyi \u00f6zg\u00fcrl\u00fck olarak piyasaya s\u00fcren \u015feytani anlay\u0131\u015f, sadece kad\u0131n i\u00e7in de\u011fil, insan i\u00e7in hi\u00e7bir ontolojik anlam ve ama\u00e7 in\u015fa edemedi\u011fi gibi insan soyunu yok edecek evrensel bir fesat ve bunal\u0131m d\u00fcnyas\u0131 kurman\u0131n \u00e7abas\u0131 i\u00e7indedir. Kad\u0131n\u0131 veya erke\u011fi toplumsal cinsiyet dayatmas\u0131 \u00fczerinden nesilleri bozman\u0131n objesi g\u00f6ren ideolojinin tersine kad\u0131n, toplumsal uyumun, sayg\u0131 ve h\u00fcrmetin, aile yap\u0131s\u0131n\u0131n huzur ve g\u00fcvenine dayal\u0131 toplumsal ahlak ve dayan\u0131\u015fman\u0131n ana unsurudur. Millet varl\u0131\u011f\u0131m\u0131z, tarihimiz boyunca kad\u0131n erkek birlikteli\u011fi ve dayan\u0131\u015fmas\u0131yla anlaml\u0131 olmu\u015f, ideallerini ger\u00e7ekle\u015ftirmi\u015ftir. Biz yarat\u0131l\u0131\u015f\u0131m\u0131zdaki farkl\u0131l\u0131klar\u0131m\u0131z\u0131, hayat\u0131 bozan, y\u0131kan, yaralayan de\u011fil yapan, onaran, onurlu k\u0131lan imkan olarak de\u011ferlendiriyoruz. Bize g\u00f6re kad\u0131n, bu bozulmaya \u00f6d\u00fcn vermeksizin, de\u011fi\u015fen d\u00fcnyan\u0131n zaruretleri ve hayat\u0131 kolayla\u015ft\u0131rman\u0131n gere\u011fi olarak \u00e7al\u0131\u015fma hayat\u0131n\u0131n her kademesinde yer almal\u0131d\u0131r. Kad\u0131n\u0131 korumak toplumu korumakt\u0131r; bug\u00fcn\u00fc ve yar\u0131n\u0131 korumakt\u0131r. Bizim de\u011fer d\u00fcnyam\u0131zda kad\u0131n \u015fu ya da bu d\u00fc\u015f\u00fcncenin ne arac\u0131 ne oyunca\u011f\u0131d\u0131r; ya\u015fam\u0131n ana \u00f6\u011fesi, kurucu ve koruyucu unsuru olarak evde, toplum, k\u00fclt\u00fcr ve \u00e7al\u0131\u015fma d\u00fcnyas\u0131nda hayat\u0131n as\u0131l payda\u015f\u0131, orta\u011f\u0131d\u0131r. Ailenin temellerini, kutsiyetini sarsan ifsat ve \u015fiddet hareketlerine m\u00fcsamahas\u0131z bir tutum ve anlay\u0131\u015fla kar\u015f\u0131y\u0131z. Cinsiyet sebebiyle kad\u0131n eme\u011finin istismar ve s\u00f6m\u00fcr\u00fc konusu edilmesi ahlaks\u0131zca bir hak gasp\u0131d\u0131r. Sava\u015ftan ter\u00f6re, yokluktan g\u00f6\u00e7e kadar t\u00fcm toplu felaketlerin ilk ve en a\u011f\u0131r y\u00fck\u00fcn\u00fc \u00e7ocuklar\u0131yla birlikte kad\u0131nlar \u00e7ekmi\u015ftir, \u00e7ekmektedir. Evlili\u011fin g\u00f6zden d\u00fc\u015f\u00fcr\u00fcld\u00fc\u011f\u00fc, \u00e7ocuklu ailenin \u00f6nemsizle\u015ftirildi\u011fi, buna mukabil her t\u00fcrl\u00fc gayrime\u015fru, sapk\u0131n ili\u015fkinin her t\u00fcrl\u00fc sanat, k\u00fclt\u00fcr ve ileti\u015fim ara\u00e7lar\u0131yla yayg\u0131nla\u015ft\u0131r\u0131lmaya \u00e7al\u0131\u015f\u0131ld\u0131\u011f\u0131 bir d\u00f6nemde Cumhurba\u015fkan\u0131m\u0131z\u0131n tensipleriyle 2025\u2019in \u2018Aile Y\u0131l\u0131\u2019 ilan etmesini takdir ediyor, ailenin korunmas\u0131 ve g\u00fc\u00e7lendirilmesi amac\u0131yla \u00f6zellikle \u00e7al\u0131\u015fan kad\u0131nlar\u0131m\u0131z\u0131n haklar\u0131n\u0131 daha da geni\u015fleten yasal d\u00fczenlemelerin yap\u0131lmas\u0131n\u0131 talep ve teklif ediyoruz. G\u00fc\u00e7l\u00fc kad\u0131n, g\u00fc\u00e7l\u00fc aile, g\u00fc\u00e7l\u00fc aile g\u00fc\u00e7l\u00fc toplum demektir. 28 \u015eubat\u2019ta oldu\u011fu gibi darbelerin, g\u00f6z\u00fc ya\u015fl\u0131, g\u00f6nl\u00fc yasl\u0131 ilk ma\u011fduru kad\u0131nlar\u0131m\u0131z ve k\u0131zlar\u0131m\u0131z olmu\u015ftur. \u00d6zellikle yak\u0131n ge\u00e7mi\u015fimizde T\u00fcrkiye\u2019yi ideolojik de\u011fi\u015ftirme, d\u00f6n\u00fc\u015ft\u00fcrme operasyonlar\u0131n\u0131n kad\u0131nlar ve kad\u0131nlar\u0131m\u0131z\u0131n \u00f6rt\u00fcs\u00fc gibi mahrem ve manev\u00ee simgeleri \u00fczerinden yap\u0131lmak istenmesinin anlam\u0131n\u0131 \u00e7ok iyi bilen E\u011fitim-Bir-Sen olarak, ba\u015fta \u015fiddetten kaynakl\u0131 hi\u00e7bir ma\u011fduriyetin ya\u015fanmamas\u0131 dile\u011fi ile b\u00fct\u00fcn kad\u0131nlar\u0131n kad\u0131nlar g\u00fcn\u00fcn\u00fc tebrik ediyorum&#8221; dedi.<br \/><\/p>\n","protected":false},"excerpt":{"rendered":"<p>Memur Sen Manisa \u0130l Temsilcisi ve E\u011fitim Bir Sen Manisa 1 Nolu \u015eube Ba\u015fkan\u0131 Ahmet Yasav, 8 Mart D\u00fcnya Kad\u0131nlar G\u00fcn\u00fc dolay\u0131s\u0131yla ilgili olarak, &#8220;G\u00fc\u00e7l\u00fc kad\u0131n, g\u00fc\u00e7l\u00fc aile. G\u00fc\u00e7l\u00fc aile, g\u00fc\u00e7l\u00fc toplum demektir&#8221; dedi. Memur Sen Manisa \u0130l Temsilcisi ve E\u011fitim Bir Sen Manisa 1 Nolu \u015eube Ba\u015fkan\u0131 Ahmet Yasav, 8 Mart D\u00fcnya Kad\u0131nlar G\u00fcn\u00fc\u2019n\u00fc&#8230;<\/p>\n","protected":false},"author":1,"featured_media":24795,"comment_status":"open","ping_status":"open","sticky":false,"template":"","format":"standard","meta":{"_crdt_document":"","footnotes":""},"categories":[123],"tags":[],"class_list":["post-24794","post","type-post","status-publish","format-standard","has-post-thumbnail","hentry","category-gundem"],"_links":{"self":[{"href":"https:\/\/www.egemtv.com\/index.php?rest_route=\/wp\/v2\/posts\/24794","targetHints":{"allow":["GET"]}}],"collection":[{"href":"https:\/\/www.egemtv.com\/index.php?rest_route=\/wp\/v2\/posts"}],"about":[{"href":"https:\/\/www.egemtv.com\/index.php?rest_route=\/wp\/v2\/types\/post"}],"author":[{"embeddable":true,"href":"https:\/\/www.egemtv.com\/index.php?rest_route=\/wp\/v2\/users\/1"}],"replies":[{"embeddable":true,"href":"https:\/\/www.egemtv.com\/index.php?rest_route=%2Fwp%2Fv2%2Fcomments&post=24794"}],"version-history":[{"count":1,"href":"https:\/\/www.egemtv.com\/index.php?rest_route=\/wp\/v2\/posts\/24794\/revisions"}],"predecessor-version":[{"id":24796,"href":"https:\/\/www.egemtv.com\/index.php?rest_route=\/wp\/v2\/posts\/24794\/revisions\/24796"}],"wp:featuredmedia":[{"embeddable":true,"href":"https:\/\/www.egemtv.com\/index.php?rest_route=\/wp\/v2\/media\/24795"}],"wp:attachment":[{"href":"https:\/\/www.egemtv.com\/index.php?rest_route=%2Fwp%2Fv2%2Fmedia&parent=24794"}],"wp:term":[{"taxonomy":"category","embeddable":true,"href":"https:\/\/www.egemtv.com\/index.php?rest_route=%2Fwp%2Fv2%2Fcategories&post=24794"},{"taxonomy":"post_tag","embeddable":true,"href":"https:\/\/www.egemtv.com\/index.php?rest_route=%2Fwp%2Fv2%2Ftags&post=24794"}],"curies":[{"name":"wp","href":"https:\/\/api.w.org\/{rel}","templated":true}]}}