{"id":24791,"date":"2025-03-08T16:11:49","date_gmt":"2025-03-08T13:11:49","guid":{"rendered":"https:\/\/www.egemtv.com\/?p=24791"},"modified":"2025-03-08T16:11:56","modified_gmt":"2025-03-08T13:11:56","slug":"koycegizde-80-kadindan-harmandali-gosterisi","status":"publish","type":"post","link":"https:\/\/www.egemtv.com\/?p=24791","title":{"rendered":"K\u00f6yce\u011fiz\u2019de 80 kad\u0131ndan harmandal\u0131 g\u00f6sterisi"},"content":{"rendered":"<p>Mu\u011fla\u2019n\u0131n K\u00f6yce\u011fiz il\u00e7esinde 8 Mart D\u00fcnya Kad\u0131nlar G\u00fcn\u00fc dolay\u0131s\u0131yla bir araya gelen 80 kad\u0131n harmandal\u0131 g\u00f6sterisi ger\u00e7ekle\u015ftirdi.<\/p>\n<p>K\u00f6yce\u011fiz Halk E\u011fitim Merkezi taraf\u0131ndan organize edilen halk oyunlar\u0131 g\u00f6sterisi Kaymakaml\u0131k binas\u0131 \u00f6n\u00fcnde ger\u00e7ekle\u015ftirildi. 8 Mart D\u00fcnya Kad\u0131nlar G\u00fcn\u00fc\u2019ne \u00f6zel haz\u0131rlanan ekip, K\u00f6yce\u011fiz Halk E\u011fitim Merkezi\u2019nde Usta \u00d6\u011fretici Serden Mutlu\u015fahino\u011flu\u2019nun 80 kad\u0131n\u0131 bir araya getirmesiyle olu\u015ftu. Halk oyunlar\u0131 ekibi k\u0131sa zamanda harmandal\u0131 oyununu \u00f6\u011frenerek 8 Mart D\u00fcnya Kad\u0131nlar G\u00fcn\u00fc\u2019ne yeti\u015ftirdi. K\u00f6yce\u011fiz Halk E\u011fitim Merkezi taraf\u0131ndan d\u00fczenlenen 8 Mart D\u00fcnya Kad\u0131nlar G\u00fcn\u00fc etkinli\u011fi \u00e7er\u00e7evesinde Halk Oyunlar\u0131 ekibi ilk olarak Atat\u00fcrk Kordonu boyunca y\u00fcr\u00fcyerek Kad\u0131nlar G\u00fcn\u00fc\u2019ne dikkat \u00e7ektiler. Y\u00fcr\u00fcy\u00fc\u015f esnas\u0131nda i\u015fletmelerde oturan vatanda\u015flar alk\u0131\u015f ve foto\u011fraf \u00e7ekerek katk\u0131da bulundular. Y\u00fcr\u00fcy\u00fc\u015f Kaymakaml\u0131k binas\u0131 \u00f6n\u00fcnde sona erdi ve akabinde 80 kad\u0131n harmandal\u0131 g\u00f6sterisini sundu. Halk\u0131n yo\u011fun ilgi g\u00f6sterdi\u011fi g\u00f6steri alk\u0131\u015f ya\u011fmuruna tutuldu. Yo\u011fun istek \u00fczerine oyun tekrar oynand\u0131.<br \/><\/p>\n","protected":false},"excerpt":{"rendered":"<p>Mu\u011fla\u2019n\u0131n K\u00f6yce\u011fiz il\u00e7esinde 8 Mart D\u00fcnya Kad\u0131nlar G\u00fcn\u00fc dolay\u0131s\u0131yla bir araya gelen 80 kad\u0131n harmandal\u0131 g\u00f6sterisi ger\u00e7ekle\u015ftirdi. K\u00f6yce\u011fiz Halk E\u011fitim Merkezi taraf\u0131ndan organize edilen halk oyunlar\u0131 g\u00f6sterisi Kaymakaml\u0131k binas\u0131 \u00f6n\u00fcnde ger\u00e7ekle\u015ftirildi. 8 Mart D\u00fcnya Kad\u0131nlar G\u00fcn\u00fc\u2019ne \u00f6zel haz\u0131rlanan ekip, K\u00f6yce\u011fiz Halk E\u011fitim Merkezi\u2019nde Usta \u00d6\u011fretici Serden Mutlu\u015fahino\u011flu\u2019nun 80 kad\u0131n\u0131 bir araya getirmesiyle olu\u015ftu. Halk oyunlar\u0131&#8230;<\/p>\n","protected":false},"author":1,"featured_media":24792,"comment_status":"open","ping_status":"open","sticky":false,"template":"","format":"standard","meta":{"_crdt_document":"","footnotes":""},"categories":[1],"tags":[],"class_list":["post-24791","post","type-post","status-publish","format-standard","has-post-thumbnail","hentry","category-guncel"],"_links":{"self":[{"href":"https:\/\/www.egemtv.com\/index.php?rest_route=\/wp\/v2\/posts\/24791","targetHints":{"allow":["GET"]}}],"collection":[{"href":"https:\/\/www.egemtv.com\/index.php?rest_route=\/wp\/v2\/posts"}],"about":[{"href":"https:\/\/www.egemtv.com\/index.php?rest_route=\/wp\/v2\/types\/post"}],"author":[{"embeddable":true,"href":"https:\/\/www.egemtv.com\/index.php?rest_route=\/wp\/v2\/users\/1"}],"replies":[{"embeddable":true,"href":"https:\/\/www.egemtv.com\/index.php?rest_route=%2Fwp%2Fv2%2Fcomments&post=24791"}],"version-history":[{"count":1,"href":"https:\/\/www.egemtv.com\/index.php?rest_route=\/wp\/v2\/posts\/24791\/revisions"}],"predecessor-version":[{"id":24793,"href":"https:\/\/www.egemtv.com\/index.php?rest_route=\/wp\/v2\/posts\/24791\/revisions\/24793"}],"wp:featuredmedia":[{"embeddable":true,"href":"https:\/\/www.egemtv.com\/index.php?rest_route=\/wp\/v2\/media\/24792"}],"wp:attachment":[{"href":"https:\/\/www.egemtv.com\/index.php?rest_route=%2Fwp%2Fv2%2Fmedia&parent=24791"}],"wp:term":[{"taxonomy":"category","embeddable":true,"href":"https:\/\/www.egemtv.com\/index.php?rest_route=%2Fwp%2Fv2%2Fcategories&post=24791"},{"taxonomy":"post_tag","embeddable":true,"href":"https:\/\/www.egemtv.com\/index.php?rest_route=%2Fwp%2Fv2%2Ftags&post=24791"}],"curies":[{"name":"wp","href":"https:\/\/api.w.org\/{rel}","templated":true}]}}