{"id":24788,"date":"2025-03-08T16:11:43","date_gmt":"2025-03-08T13:11:43","guid":{"rendered":"https:\/\/www.egemtv.com\/?p=24788"},"modified":"2025-03-08T16:11:49","modified_gmt":"2025-03-08T13:11:49","slug":"sokede-kadinlar-haklari-ve-mucadeleleri-icin-yurudu","status":"publish","type":"post","link":"https:\/\/www.egemtv.com\/?p=24788","title":{"rendered":"S\u00f6ke\u2019de kad\u0131nlar, haklar\u0131 ve m\u00fccadeleleri i\u00e7in y\u00fcr\u00fcd\u00fc"},"content":{"rendered":"<p>S\u00f6ke Kent Konseyi Kad\u0131n Meclisi \u00f6nc\u00fcl\u00fc\u011f\u00fcnde S\u00f6ke Belediyesi\u2019nin katk\u0131lar\u0131yla ger\u00e7ekle\u015ftirilen \u20188 Mart D\u00fcnya Emek\u00e7i Kad\u0131nlar G\u00fcn\u00fc\u2019 etkinlikleri kapsam\u0131nda y\u00fcr\u00fcy\u00fc\u015f ve kitlesel bas\u0131n a\u00e7\u0131klamas\u0131 ger\u00e7ekle\u015ftirildi.<\/p>\n<p>S\u00f6ke\u2019de bulunan kad\u0131n dernekleri ve kad\u0131n platformu temsilcilerinin yan\u0131nda siyasi parti ve sivil toplum kurulu\u015flar\u0131n\u0131n temsilcilerinin de destek verdi\u011fi y\u00fcr\u00fcy\u00fc\u015f H\u00fck\u00fcmet Meydan\u0131\u2019ndan ba\u015flad\u0131. \u0130stasyon, Abdi \u0130pek\u00e7i ve Ayd\u0131n Caddeleri g\u00fczergah\u0131nda yap\u0131lan y\u00fcr\u00fcy\u00fc\u015f sonras\u0131nda yeniden gelinen H\u00fck\u00fcmet Meydan\u0131nda bas\u0131n a\u00e7\u0131klamas\u0131 ger\u00e7ekle\u015ftirildi. Kad\u0131nlar\u0131n g\u00fc\u00e7l\u00fc duru\u015flar\u0131n\u0131 bir kez daha sergiledi\u011fi etkinlikte halaylar \u00e7ekildi, zeybek oynand\u0131. Etkinlikte 8 Mart tarihinin sadece bir anma g\u00fcn\u00fc de\u011fil onurlu m\u00fccadelenin s\u00fcrd\u00fc\u011f\u00fc, kad\u0131n\u0131n g\u00fcc\u00fc ve dayan\u0131\u015fmas\u0131n\u0131n da g\u00f6sterildi\u011fi bir g\u00fcn oldu\u011fu vurguland\u0131.<br \/><\/p>\n","protected":false},"excerpt":{"rendered":"<p>S\u00f6ke Kent Konseyi Kad\u0131n Meclisi \u00f6nc\u00fcl\u00fc\u011f\u00fcnde S\u00f6ke Belediyesi\u2019nin katk\u0131lar\u0131yla ger\u00e7ekle\u015ftirilen \u20188 Mart D\u00fcnya Emek\u00e7i Kad\u0131nlar G\u00fcn\u00fc\u2019 etkinlikleri kapsam\u0131nda y\u00fcr\u00fcy\u00fc\u015f ve kitlesel bas\u0131n a\u00e7\u0131klamas\u0131 ger\u00e7ekle\u015ftirildi. S\u00f6ke\u2019de bulunan kad\u0131n dernekleri ve kad\u0131n platformu temsilcilerinin yan\u0131nda siyasi parti ve sivil toplum kurulu\u015flar\u0131n\u0131n temsilcilerinin de destek verdi\u011fi y\u00fcr\u00fcy\u00fc\u015f H\u00fck\u00fcmet Meydan\u0131\u2019ndan ba\u015flad\u0131. \u0130stasyon, Abdi \u0130pek\u00e7i ve Ayd\u0131n Caddeleri g\u00fczergah\u0131nda yap\u0131lan&#8230;<\/p>\n","protected":false},"author":1,"featured_media":24789,"comment_status":"open","ping_status":"open","sticky":false,"template":"","format":"standard","meta":{"_crdt_document":"","footnotes":""},"categories":[1],"tags":[],"class_list":["post-24788","post","type-post","status-publish","format-standard","has-post-thumbnail","hentry","category-guncel"],"_links":{"self":[{"href":"https:\/\/www.egemtv.com\/index.php?rest_route=\/wp\/v2\/posts\/24788","targetHints":{"allow":["GET"]}}],"collection":[{"href":"https:\/\/www.egemtv.com\/index.php?rest_route=\/wp\/v2\/posts"}],"about":[{"href":"https:\/\/www.egemtv.com\/index.php?rest_route=\/wp\/v2\/types\/post"}],"author":[{"embeddable":true,"href":"https:\/\/www.egemtv.com\/index.php?rest_route=\/wp\/v2\/users\/1"}],"replies":[{"embeddable":true,"href":"https:\/\/www.egemtv.com\/index.php?rest_route=%2Fwp%2Fv2%2Fcomments&post=24788"}],"version-history":[{"count":1,"href":"https:\/\/www.egemtv.com\/index.php?rest_route=\/wp\/v2\/posts\/24788\/revisions"}],"predecessor-version":[{"id":24790,"href":"https:\/\/www.egemtv.com\/index.php?rest_route=\/wp\/v2\/posts\/24788\/revisions\/24790"}],"wp:featuredmedia":[{"embeddable":true,"href":"https:\/\/www.egemtv.com\/index.php?rest_route=\/wp\/v2\/media\/24789"}],"wp:attachment":[{"href":"https:\/\/www.egemtv.com\/index.php?rest_route=%2Fwp%2Fv2%2Fmedia&parent=24788"}],"wp:term":[{"taxonomy":"category","embeddable":true,"href":"https:\/\/www.egemtv.com\/index.php?rest_route=%2Fwp%2Fv2%2Fcategories&post=24788"},{"taxonomy":"post_tag","embeddable":true,"href":"https:\/\/www.egemtv.com\/index.php?rest_route=%2Fwp%2Fv2%2Ftags&post=24788"}],"curies":[{"name":"wp","href":"https:\/\/api.w.org\/{rel}","templated":true}]}}