{"id":24785,"date":"2025-03-08T15:26:28","date_gmt":"2025-03-08T12:26:28","guid":{"rendered":"https:\/\/www.egemtv.com\/?p=24785"},"modified":"2025-03-08T15:26:33","modified_gmt":"2025-03-08T12:26:33","slug":"aydinda-bir-hastanin-kalbine-ulasan-cisim-ameliyatsiz-sekilde-cikarildi","status":"publish","type":"post","link":"https:\/\/www.egemtv.com\/?p=24785","title":{"rendered":"Ayd\u0131n\u2019da bir hastan\u0131n kalbine ula\u015fan cisim ameliyats\u0131z \u015fekilde \u00e7\u0131kar\u0131ld\u0131"},"content":{"rendered":"<p>Ayd\u0131n Adnan Menderes \u00dcniversitesi (AD\u00dc) Hastanesinde, bir hastan\u0131n kalbine ula\u015fan yabanc\u0131 cisim ameliyats\u0131z \u015fekilde \u00e7\u0131kar\u0131ld\u0131.<br \/>\n<br \/>Ayd\u0131n Adnan Menderes \u00dcniversitesi (AD\u00dc) Hastanesi Ba\u015fhekimi Prof.Dr.M\u00fccahit Avcil \u00f6nc\u00fcl\u00fc\u011f\u00fcnde Kardiyoloji Ana Bilim Dal\u0131 \u00f6\u011fretim \u00dcyeleri Do\u00e7. Dr. Cemil Zencir ve Dr. \u00d6\u011fr. \u00dcyesi Sevil G\u00fcla\u015ft\u0131, T\u00fcrkiye\u2019de ilk kez uygulanan bir y\u00f6ntemle, kalbe kadar ula\u015fan yabanc\u0131 cismi ameliyats\u0131z olarak \u00e7\u0131kard\u0131.<\/p>\n<p>&#8220;Yabanc\u0131 madde kalbe kadar ula\u015fm\u0131\u015f&#8221;<br \/>\n<br \/>Hastan\u0131n durumu hakk\u0131nda bilgi veren Dr. \u00d6\u011fr. \u00dcyesi Sevil G\u00fcla\u015ft\u0131, daha \u00f6nce kifoplasti-vertebroplasti i\u015flemi ge\u00e7iren hastan\u0131n kullan\u0131lan dolgu maddesinin (sement) damarlara s\u0131zarak pulmoner emboliye neden oldu\u011funu ve bunun hayati risk ta\u015f\u0131yan ciddi bir durum olu\u015fturdu\u011funu belirtti. G\u00fcla\u015ft\u0131, &#8220;Hastam\u0131z tekrarlayan nefes darl\u0131\u011f\u0131 \u015fik\u00e2yetiyle s\u0131k s\u0131k acil servise ba\u015fvuruyordu. Yap\u0131lan tetkiklerde vertebroplastide kullan\u0131lan polimetilmetakrilat maddesinin toplardamarlara s\u0131zarak kalbe kadar ula\u015ft\u0131\u011f\u0131n\u0131 tespit ettik. Bu durumun tekrarlayan pulmoner embolilere neden olmas\u0131 \u00fczerine hastay\u0131 multidisipliner bir yakla\u015f\u0131mla de\u011ferlendirdik&#8221; dedi.<\/p>\n<p>&#8220;Kapal\u0131 bir teknikle tek par\u00e7a halinde \u00e7\u0131kard\u0131k&#8221;<br \/>\n<br \/>\u0130lk a\u015famada cerrahi y\u00f6ntem d\u00fc\u015f\u00fcn\u00fclse de, hastan\u0131n y\u00fcksek risk ta\u015f\u0131mas\u0131 nedeniyle \u00f6zel olarak modifiye edilen bir kateter ile sa\u011f boyun toplardamar\u0131ndan girilerek yabanc\u0131 cismin kapal\u0131 y\u00f6ntemle \u00e7\u0131kar\u0131lmas\u0131na karar verildi\u011fini ifade eden Do\u00e7.Dr. Cemil Zencir, &#8220;Hastam\u0131z\u0131n durumu bir\u00e7ok bran\u015fla de\u011ferlendirildi. Bu t\u00fcr giri\u015fimlerde hastan\u0131n g\u00fcvenli\u011fi \u00f6nceliklidir. Sementin mukavemet g\u00fcc\u00fcn\u00fc de\u011ferlendirdikten sonra uygun y\u00f6ntemi belirledik ve kapal\u0131 bir teknikle tek par\u00e7a halinde \u00e7\u0131kard\u0131k. Bu \u00f6nemli giri\u015fim, bilindi\u011fi kadar\u0131yla T\u00fcrkiye\u2019de ilk kez \u00dcniversitemiz Hastanesinde ba\u015far\u0131yla ger\u00e7ekle\u015ftirildi. Hasta, \u00dcniversitemiz Hastanesindeki h\u0131zl\u0131 ve etkili m\u00fcdahale ile sa\u011fl\u0131\u011f\u0131na kavu\u015furken, bu yenilik\u00e7i y\u00f6ntem t\u0131bbi geli\u015fmelere \u00f6nemli bir katk\u0131 sundu&#8221; dedi.<\/p>\n<p>&#8220;K\u0131sa s\u00fcrede sa\u011fl\u0131\u011f\u0131ma kavu\u015ftum&#8221;<br \/>\n<br \/>Operasyon sonras\u0131 h\u0131zla iyile\u015ferek iki g\u00fcn i\u00e7inde taburcu olan hasta Kadriye Singe, kendisini sa\u011fl\u0131\u011f\u0131na kavu\u015fturan doktorlar\u0131na te\u015fekk\u00fcr ederek: &#8220;Hastaneye ba\u015fvurdum ve doktorlar\u0131m\u0131z hemen m\u00fcdahale ederek beni sa\u011fl\u0131\u011f\u0131ma kavu\u015fturdular. Burada doktorlar\u0131m benimle \u00e7ok yak\u0131ndan ilgilendi. Uygulad\u0131klar\u0131 y\u00f6ntem sayesinde k\u0131sa s\u00fcrede sa\u011fl\u0131\u011f\u0131ma kavu\u015ftum. Hepsine minnettar\u0131m, Allah onlardan raz\u0131 olsun&#8221; dedi.<\/p>\n<p>&#8220;Pek \u00e7ok \u00f6zel i\u015flem kalp damar cerrahisi b\u00f6l\u00fcm\u00fcm\u00fczde yap\u0131labiliyor&#8221;<br \/>\n<br \/>AD\u00dc Hastanesi Ba\u015fhekimi Prof.Dr.M\u00fccahit Avcil, son iki y\u0131lda ger\u00e7ekle\u015ftirilen yat\u0131r\u0131mlarla hastanedeki cihazlar\u0131 yenilediklerini ve kapasiteyi de y\u00fczde 40 oran\u0131nda art\u0131rd\u0131klar\u0131n\u0131 ifade ederek, &#8220;Kardiyoloji merkezimizin \u00e7ok b\u00fcy\u00fct\u00fcld\u00fc\u011f\u00fcn\u00fc, \u00e7ok yeni imkanlara kavu\u015fturuldu\u011funu ve \u00e7ok iyi hekimlerimizin oldu\u011funu s\u00f6ylemi\u015ftim. Ge\u00e7ti\u011fimiz g\u00fcnlerde T\u00fcrkiye\u2019de ilk olan bir cerrahi i\u015flem ger\u00e7ekle\u015ftirdik. Burada \u00f6zellikle anjiyografik i\u015flemleri ve anjiyografik i\u015flemlere ba\u011fl\u0131 komplikasyonlar\u0131 \u00e7ok iyi tedavi edebilecek bir merkezimiz var. Bu hastan\u0131n i\u00e7inde kalm\u0131\u015f yabanc\u0131 k\u00fc\u00e7\u00fck bir plastik par\u00e7a hekimlerimiz taraf\u0131ndan kapal\u0131 bir \u015fekilde \u00f6zel bir y\u00f6ntemle \u00e7\u0131kart\u0131ld\u0131. Bu da T\u00fcrkiye\u2019de ilk defa ger\u00e7ekle\u015ftirilmi\u015f y\u00f6ntem olarak hastanemiz tarihine ge\u00e7ti. Ben de hastane y\u00f6neticisi olarak tabii ki buradan gurur duyuyorum. Sadece bu tip i\u015flemler de\u011fil pek \u00e7ok \u00f6zel i\u015flem kalp damar cerrahisi b\u00f6l\u00fcm\u00fcm\u00fczde yap\u0131labiliyor&#8221; dedi.<br \/><\/p>\n","protected":false},"excerpt":{"rendered":"<p>Ayd\u0131n Adnan Menderes \u00dcniversitesi (AD\u00dc) Hastanesinde, bir hastan\u0131n kalbine ula\u015fan yabanc\u0131 cisim ameliyats\u0131z \u015fekilde \u00e7\u0131kar\u0131ld\u0131. Ayd\u0131n Adnan Menderes \u00dcniversitesi (AD\u00dc) Hastanesi Ba\u015fhekimi Prof.Dr.M\u00fccahit Avcil \u00f6nc\u00fcl\u00fc\u011f\u00fcnde Kardiyoloji Ana Bilim Dal\u0131 \u00f6\u011fretim \u00dcyeleri Do\u00e7. Dr. Cemil Zencir ve Dr. \u00d6\u011fr. \u00dcyesi Sevil G\u00fcla\u015ft\u0131, T\u00fcrkiye\u2019de ilk kez uygulanan bir y\u00f6ntemle, kalbe kadar ula\u015fan yabanc\u0131 cismi ameliyats\u0131z olarak \u00e7\u0131kard\u0131&#8230;.<\/p>\n","protected":false},"author":1,"featured_media":24786,"comment_status":"open","ping_status":"open","sticky":false,"template":"","format":"standard","meta":{"_crdt_document":"","footnotes":""},"categories":[2],"tags":[],"class_list":["post-24785","post","type-post","status-publish","format-standard","has-post-thumbnail","hentry","category-saglik"],"_links":{"self":[{"href":"https:\/\/www.egemtv.com\/index.php?rest_route=\/wp\/v2\/posts\/24785","targetHints":{"allow":["GET"]}}],"collection":[{"href":"https:\/\/www.egemtv.com\/index.php?rest_route=\/wp\/v2\/posts"}],"about":[{"href":"https:\/\/www.egemtv.com\/index.php?rest_route=\/wp\/v2\/types\/post"}],"author":[{"embeddable":true,"href":"https:\/\/www.egemtv.com\/index.php?rest_route=\/wp\/v2\/users\/1"}],"replies":[{"embeddable":true,"href":"https:\/\/www.egemtv.com\/index.php?rest_route=%2Fwp%2Fv2%2Fcomments&post=24785"}],"version-history":[{"count":1,"href":"https:\/\/www.egemtv.com\/index.php?rest_route=\/wp\/v2\/posts\/24785\/revisions"}],"predecessor-version":[{"id":24787,"href":"https:\/\/www.egemtv.com\/index.php?rest_route=\/wp\/v2\/posts\/24785\/revisions\/24787"}],"wp:featuredmedia":[{"embeddable":true,"href":"https:\/\/www.egemtv.com\/index.php?rest_route=\/wp\/v2\/media\/24786"}],"wp:attachment":[{"href":"https:\/\/www.egemtv.com\/index.php?rest_route=%2Fwp%2Fv2%2Fmedia&parent=24785"}],"wp:term":[{"taxonomy":"category","embeddable":true,"href":"https:\/\/www.egemtv.com\/index.php?rest_route=%2Fwp%2Fv2%2Fcategories&post=24785"},{"taxonomy":"post_tag","embeddable":true,"href":"https:\/\/www.egemtv.com\/index.php?rest_route=%2Fwp%2Fv2%2Ftags&post=24785"}],"curies":[{"name":"wp","href":"https:\/\/api.w.org\/{rel}","templated":true}]}}