{"id":24782,"date":"2025-03-08T15:07:05","date_gmt":"2025-03-08T12:07:05","guid":{"rendered":"https:\/\/www.egemtv.com\/?p=24782"},"modified":"2025-03-08T15:07:09","modified_gmt":"2025-03-08T12:07:09","slug":"kadinlar-gununu-uzum-baginda-kutladilar","status":"publish","type":"post","link":"https:\/\/www.egemtv.com\/?p=24782","title":{"rendered":"Kad\u0131nlar g\u00fcn\u00fcn\u00fc \u00fcz\u00fcm ba\u011f\u0131nda kutlad\u0131lar"},"content":{"rendered":"<p>Manisa\u2019n\u0131n Sar\u0131g\u00f6l il\u00e7esinde tar\u0131m i\u015f\u00e7isi kad\u0131nlar, 8 Mart D\u00fcnya Kad\u0131nlar G\u00fcn\u00fc\u2019n\u00fc \u00fcz\u00fcm ba\u011f\u0131nda \u00e7al\u0131\u015f\u0131rken kutlad\u0131.<br \/>\n<br \/>Sar\u0131g\u00f6l\u2019deki tar\u0131m i\u015f\u00e7isi kad\u0131nlar, 8 Mart D\u00fcnya Kad\u0131nlar G\u00fcn\u00fc\u2019ne \u00fcz\u00fcm ba\u011f\u0131nda \u00e7al\u0131\u015farak girdi. Sabah\u0131n erken saatlerinde \u00fcz\u00fcm ba\u011flar\u0131na giden kad\u0131nlar, ba\u011flar\u0131n \u00e7ubuklar\u0131n\u0131 tellere ba\u011flayarak g\u00fcnl\u00fck yevmiyelerini kazand\u0131. Y\u0131l\u0131n b\u00fcy\u00fck bir b\u00f6l\u00fcm\u00fcnde zorlu \u015fartlarda \u00e7al\u0131\u015farak aile ekonomisine katk\u0131 sa\u011flayan tar\u0131m i\u015f\u00e7isi kad\u0131nlar, \u00fcz\u00fcm ba\u011f\u0131nda 8 Mart\u2019a \u00f6zel hat\u0131ra foto\u011fraf\u0131 \u00e7ektirdi.<br \/>\n<br \/>Tar\u0131m i\u015f\u00e7isi kad\u0131nlar, 8 Mart\u2019\u0131n kendileri i\u00e7in anlaml\u0131 bir g\u00fcn oldu\u011funu belirtirken, &#8220;8 Mart D\u00fcnya Kad\u0131nlar G\u00fcn\u00fc ama biz ba\u011fda \u00e7al\u0131\u015f\u0131yoruz. Bug\u00fcn\u00fcm\u00fcz\u00fc de emek vererek kutluyoruz. Ge\u00e7imimizi sa\u011flamak i\u00e7in her g\u00fcn oldu\u011fu gibi bug\u00fcn de tarlalarday\u0131z&#8221; diyerek duygular\u0131n\u0131 dile getirdi.<br \/><\/p>\n","protected":false},"excerpt":{"rendered":"<p>Manisa\u2019n\u0131n Sar\u0131g\u00f6l il\u00e7esinde tar\u0131m i\u015f\u00e7isi kad\u0131nlar, 8 Mart D\u00fcnya Kad\u0131nlar G\u00fcn\u00fc\u2019n\u00fc \u00fcz\u00fcm ba\u011f\u0131nda \u00e7al\u0131\u015f\u0131rken kutlad\u0131. Sar\u0131g\u00f6l\u2019deki tar\u0131m i\u015f\u00e7isi kad\u0131nlar, 8 Mart D\u00fcnya Kad\u0131nlar G\u00fcn\u00fc\u2019ne \u00fcz\u00fcm ba\u011f\u0131nda \u00e7al\u0131\u015farak girdi. Sabah\u0131n erken saatlerinde \u00fcz\u00fcm ba\u011flar\u0131na giden kad\u0131nlar, ba\u011flar\u0131n \u00e7ubuklar\u0131n\u0131 tellere ba\u011flayarak g\u00fcnl\u00fck yevmiyelerini kazand\u0131. Y\u0131l\u0131n b\u00fcy\u00fck bir b\u00f6l\u00fcm\u00fcnde zorlu \u015fartlarda \u00e7al\u0131\u015farak aile ekonomisine katk\u0131 sa\u011flayan tar\u0131m i\u015f\u00e7isi&#8230;<\/p>\n","protected":false},"author":1,"featured_media":24783,"comment_status":"open","ping_status":"open","sticky":false,"template":"","format":"standard","meta":{"_crdt_document":"","footnotes":""},"categories":[123],"tags":[],"class_list":["post-24782","post","type-post","status-publish","format-standard","has-post-thumbnail","hentry","category-gundem"],"_links":{"self":[{"href":"https:\/\/www.egemtv.com\/index.php?rest_route=\/wp\/v2\/posts\/24782","targetHints":{"allow":["GET"]}}],"collection":[{"href":"https:\/\/www.egemtv.com\/index.php?rest_route=\/wp\/v2\/posts"}],"about":[{"href":"https:\/\/www.egemtv.com\/index.php?rest_route=\/wp\/v2\/types\/post"}],"author":[{"embeddable":true,"href":"https:\/\/www.egemtv.com\/index.php?rest_route=\/wp\/v2\/users\/1"}],"replies":[{"embeddable":true,"href":"https:\/\/www.egemtv.com\/index.php?rest_route=%2Fwp%2Fv2%2Fcomments&post=24782"}],"version-history":[{"count":1,"href":"https:\/\/www.egemtv.com\/index.php?rest_route=\/wp\/v2\/posts\/24782\/revisions"}],"predecessor-version":[{"id":24784,"href":"https:\/\/www.egemtv.com\/index.php?rest_route=\/wp\/v2\/posts\/24782\/revisions\/24784"}],"wp:featuredmedia":[{"embeddable":true,"href":"https:\/\/www.egemtv.com\/index.php?rest_route=\/wp\/v2\/media\/24783"}],"wp:attachment":[{"href":"https:\/\/www.egemtv.com\/index.php?rest_route=%2Fwp%2Fv2%2Fmedia&parent=24782"}],"wp:term":[{"taxonomy":"category","embeddable":true,"href":"https:\/\/www.egemtv.com\/index.php?rest_route=%2Fwp%2Fv2%2Fcategories&post=24782"},{"taxonomy":"post_tag","embeddable":true,"href":"https:\/\/www.egemtv.com\/index.php?rest_route=%2Fwp%2Fv2%2Ftags&post=24782"}],"curies":[{"name":"wp","href":"https:\/\/api.w.org\/{rel}","templated":true}]}}