{"id":24779,"date":"2025-03-08T14:49:34","date_gmt":"2025-03-08T11:49:34","guid":{"rendered":"https:\/\/www.egemtv.com\/?p=24779"},"modified":"2025-03-08T14:49:38","modified_gmt":"2025-03-08T11:49:38","slug":"bayraklida-kadin-danisma-merkezi-acildi","status":"publish","type":"post","link":"https:\/\/www.egemtv.com\/?p=24779","title":{"rendered":"Bayrakl\u0131\u2019da kad\u0131n dan\u0131\u015fma merkezi a\u00e7\u0131ld\u0131"},"content":{"rendered":"<p>Bayrakl\u0131 Belediyesi, 8 Mart D\u00fcnya Emek\u00e7i Kad\u0131nlar G\u00fcn\u00fc kapsam\u0131nda, kad\u0131nlar\u0131n sosyal, hukuki ve psikolojik destek alabilece\u011fi Kad\u0131n Dan\u0131\u015fma Merkezi\u2019ni hizmete a\u00e7t\u0131. T\u00f6rende konu\u015fan Ba\u015fkan \u0130rfan \u00d6nal, &#8220;Burada yaln\u0131zca bir merkezin kap\u0131lar\u0131n\u0131 a\u00e7m\u0131yoruz, ayn\u0131 zamanda kad\u0131nlar\u0131n hak ettikleri e\u015fit ve adil ya\u015fam i\u00e7in birlikte m\u00fccadele edece\u011fimizi hayk\u0131r\u0131yoruz. Bayrakl\u0131 Belediyesi olarak, kad\u0131nlar\u0131n yaln\u0131z olmad\u0131\u011f\u0131n\u0131 g\u00f6stermek i\u00e7in Kad\u0131n Dan\u0131\u015fma Merkezi\u2019ni a\u00e7t\u0131k. Hukuki ve psikolojik destekten bir\u00e7ok alanda kad\u0131nlar\u0131n g\u00fc\u00e7lenmesini sa\u011flayacak bu merkez, dayan\u0131\u015fman\u0131n adresi olacak. Kad\u0131nlar\u0131n m\u00fccadelesi hepimizin m\u00fccadelesidir&#8221; dedi.<br \/>\n<br \/>\u0130zmir\u2019in Bayrakl\u0131 Belediyesi, 8 Mart D\u00fcnya Emek\u00e7i Kad\u0131nlar G\u00fcn\u00fc kapsam\u0131nda, kad\u0131nlar\u0131n sosyal, hukuki ve psikolojik destek alabilece\u011fi Kad\u0131n Dan\u0131\u015fma Merkezi\u2019ni \u015eehit Uzman \u00c7avu\u015f Ali Akdo\u011fan Osmangazi Mahallesi Pazar Yeri yan\u0131nda hizmete a\u00e7t\u0131. A\u00e7\u0131l\u0131\u015f t\u00f6renine Bayrakl\u0131 Belediye Ba\u015fkan\u0131 \u0130rfan \u00d6nal, e\u015fi G\u00f6k\u00e7e Pi\u015fkin \u00d6nal, CHP Bayrakl\u0131 \u0130l\u00e7e Ba\u015fkan\u0131 Didem G\u00fcltekin, belediye meclis \u00fcyeleri, muhtarlar, sivil toplum \u00f6rg\u00fctleri ve \u00e7ok say\u0131da vatanda\u015f kat\u0131ld\u0131. Kurdele kesiminin ard\u0131ndan Ba\u015fkan \u00d6nal ve kat\u0131l\u0131mc\u0131lar Kad\u0131n Dan\u0131\u015fma Merkezi\u2019ni gezdi.<\/p>\n<p>Ba\u015fkan \u00d6nal: &#8220;S\u00f6z veriyoruz&#8221;<br \/>\n<br \/>Bayrakl\u0131 Belediye Ba\u015fkan\u0131 \u0130rfan \u00d6nal, &#8220;Bug\u00fcn burada sadece bir merkezin kap\u0131lar\u0131n\u0131 a\u00e7m\u0131yoruz. Kad\u0131nlar\u0131n yaln\u0131z olmad\u0131\u011f\u0131n\u0131, dayan\u0131\u015fmayla her zorlu\u011fun \u00fcstesinden gelebilece\u011fimizi, kad\u0131nlar\u0131n hak ettikleri e\u015fit ve adil ya\u015fam i\u00e7in birlikte m\u00fccadele edece\u011fimizi bir kez daha hayk\u0131r\u0131yoruz! Bayrakl\u0131 Belediyesi olarak bir s\u00f6z veriyoruz: Kad\u0131nlar\u0131n yaln\u0131z olmad\u0131\u011f\u0131n\u0131 g\u00f6stermek i\u00e7in, haklar\u0131n\u0131 \u00f6\u011frenip savunabilecekleri, \u015fiddet kar\u015f\u0131s\u0131nda dayan\u0131\u015fma bulacaklar\u0131, kendilerini g\u00fcvende hissedecekleri bir alan olu\u015fturmak i\u00e7in Kad\u0131n Dan\u0131\u015fma Merkezi\u2019ni a\u00e7\u0131yoruz. Bu merkez, hukuki ve psikolojik destekten istihdam imkanlar\u0131na kadar kad\u0131nlar\u0131n g\u00fc\u00e7lenmesi i\u00e7in bir dayan\u0131\u015fma noktas\u0131 olacak. \u00c7\u00fcnk\u00fc biliyoruz ki dayan\u0131\u015fma ya\u015fat\u0131r, e\u015fitlik g\u00fc\u00e7lendirir, kad\u0131nlar de\u011fi\u015ftirir! Kad\u0131nlar\u0131n m\u00fccadelesi yaln\u0131zca kad\u0131nlar\u0131n de\u011fil, hepimizin m\u00fccadelesidir&#8221; dedi.<\/p>\n<p>Kad\u0131n dan\u0131\u015fma merkezinde neler yap\u0131lacak<br \/>\n<br \/>Kad\u0131nlar\u0131n haklar\u0131na sahip \u00e7\u0131kmalar\u0131 te\u015fvik edilerek, toplumsal cinsiyet e\u015fitli\u011fi konusunda fark\u0131ndal\u0131k olu\u015fturulacak. Merkez, kad\u0131nlar\u0131n kendilerini daha g\u00fc\u00e7l\u00fc hissetmeleri ve dayan\u0131\u015fma i\u00e7inde olmalar\u0131 i\u00e7in \u00e7e\u015fitli faaliyetler sunacak. Bu kapsamda, kad\u0131nlar i\u00e7in fark\u0131ndal\u0131k at\u00f6lyeleri, e\u011fitimler ve seminerler d\u00fczenlenecek. Merkez, kad\u0131nlar\u0131n psikolojik, hukuki ve sosyal ihtiya\u00e7lar\u0131n\u0131 kar\u015f\u0131lamak amac\u0131yla uzmanlar taraf\u0131ndan destek hizmetleri sunacak. Kad\u0131n Dan\u0131\u015fma Merkezi hem bireysel hem de toplumsal d\u00fczeyde kad\u0131nlar\u0131n daha sa\u011fl\u0131kl\u0131 ve g\u00fc\u00e7l\u00fc bir ya\u015fam s\u00fcrmesine katk\u0131 sa\u011flayacak.<br \/><\/p>\n","protected":false},"excerpt":{"rendered":"<p>Bayrakl\u0131 Belediyesi, 8 Mart D\u00fcnya Emek\u00e7i Kad\u0131nlar G\u00fcn\u00fc kapsam\u0131nda, kad\u0131nlar\u0131n sosyal, hukuki ve psikolojik destek alabilece\u011fi Kad\u0131n Dan\u0131\u015fma Merkezi\u2019ni hizmete a\u00e7t\u0131. T\u00f6rende konu\u015fan Ba\u015fkan \u0130rfan \u00d6nal, &#8220;Burada yaln\u0131zca bir merkezin kap\u0131lar\u0131n\u0131 a\u00e7m\u0131yoruz, ayn\u0131 zamanda kad\u0131nlar\u0131n hak ettikleri e\u015fit ve adil ya\u015fam i\u00e7in birlikte m\u00fccadele edece\u011fimizi hayk\u0131r\u0131yoruz. Bayrakl\u0131 Belediyesi olarak, kad\u0131nlar\u0131n yaln\u0131z olmad\u0131\u011f\u0131n\u0131 g\u00f6stermek i\u00e7in Kad\u0131n&#8230;<\/p>\n","protected":false},"author":1,"featured_media":24780,"comment_status":"open","ping_status":"open","sticky":false,"template":"","format":"standard","meta":{"_crdt_document":"","footnotes":""},"categories":[1],"tags":[],"class_list":["post-24779","post","type-post","status-publish","format-standard","has-post-thumbnail","hentry","category-guncel"],"_links":{"self":[{"href":"https:\/\/www.egemtv.com\/index.php?rest_route=\/wp\/v2\/posts\/24779","targetHints":{"allow":["GET"]}}],"collection":[{"href":"https:\/\/www.egemtv.com\/index.php?rest_route=\/wp\/v2\/posts"}],"about":[{"href":"https:\/\/www.egemtv.com\/index.php?rest_route=\/wp\/v2\/types\/post"}],"author":[{"embeddable":true,"href":"https:\/\/www.egemtv.com\/index.php?rest_route=\/wp\/v2\/users\/1"}],"replies":[{"embeddable":true,"href":"https:\/\/www.egemtv.com\/index.php?rest_route=%2Fwp%2Fv2%2Fcomments&post=24779"}],"version-history":[{"count":1,"href":"https:\/\/www.egemtv.com\/index.php?rest_route=\/wp\/v2\/posts\/24779\/revisions"}],"predecessor-version":[{"id":24781,"href":"https:\/\/www.egemtv.com\/index.php?rest_route=\/wp\/v2\/posts\/24779\/revisions\/24781"}],"wp:featuredmedia":[{"embeddable":true,"href":"https:\/\/www.egemtv.com\/index.php?rest_route=\/wp\/v2\/media\/24780"}],"wp:attachment":[{"href":"https:\/\/www.egemtv.com\/index.php?rest_route=%2Fwp%2Fv2%2Fmedia&parent=24779"}],"wp:term":[{"taxonomy":"category","embeddable":true,"href":"https:\/\/www.egemtv.com\/index.php?rest_route=%2Fwp%2Fv2%2Fcategories&post=24779"},{"taxonomy":"post_tag","embeddable":true,"href":"https:\/\/www.egemtv.com\/index.php?rest_route=%2Fwp%2Fv2%2Ftags&post=24779"}],"curies":[{"name":"wp","href":"https:\/\/api.w.org\/{rel}","templated":true}]}}