{"id":24776,"date":"2025-03-08T14:49:29","date_gmt":"2025-03-08T11:49:29","guid":{"rendered":"https:\/\/www.egemtv.com\/?p=24776"},"modified":"2025-03-08T14:49:34","modified_gmt":"2025-03-08T11:49:34","slug":"ramazan-ile-birlikte-incir-ve-ceviz-satislari-artti","status":"publish","type":"post","link":"https:\/\/www.egemtv.com\/?p=24776","title":{"rendered":"Ramazan ile birlikte incir ve ceviz sat\u0131\u015flar\u0131 artt\u0131"},"content":{"rendered":"<p>Ayd\u0131n\u2019da her g\u00fcn pazarda tezgah a\u00e7an 22 ya\u015f\u0131ndaki Ozan \u00c7e\u00e7en, Ramazan ay\u0131 ile birlikte incir ve cevize talebin artt\u0131\u011f\u0131n\u0131 s\u00f6yledi.<\/p>\n<p>Ramazan ay\u0131n\u0131n gelmesiyle birlikte g\u0131da \u00fcr\u00fcnlerinin sat\u0131\u015flar\u0131nda art\u0131\u015f ya\u015fan\u0131yor. \u00d6zellikle d\u00fcnyada incir \u00fcretiminde birinci s\u0131rada yer alan Ayd\u0131n\u2019da vatanda\u015flar Ramazan ay\u0131nda hurmadan ziyade incire ilgisi yo\u011fun oldu. Kilosu 300 ila 450 TL aras\u0131 de\u011fi\u015fen incir sat\u0131\u015flar\u0131n\u0131n Ramazan\u2019da artt\u0131\u011f\u0131n\u0131 kaydeden pazarc\u0131 Ozan \u00c7e\u00e7en; &#8220;Ayd\u0131n\u2019da d\u00fcnyan\u0131n en kaliteli inciri \u00fcretiliyor. B\u00fcy\u00fck emeklerle hasad\u0131 toplan\u0131p pazara getirdi\u011fimiz bu incirlere bu g\u00fcnlerde yo\u011fun talep var. \u0130ncir fiyatlar\u0131 300 liradan ba\u015fl\u0131yor 450 liraya kadar fiyat\u0131 de\u011fi\u015fiyor. 35 tanesi bir kilo gelen Germencik il\u00e7esinin \u00c7ar\u0131klar incirinin kilosu 450 lira. \u00c7ar\u0131klar incirinin kabu\u011fu ince ve i\u00e7i ball\u0131 oluyor. Kaliteli incirin kabu\u011fu ince \u00e7ekirde\u011fi bol i\u00e7i sar\u0131 olur. Ramazanda vatanda\u015flar\u0131m\u0131z\u0131n bol bol incir t\u00fcketmesini \u00f6neriyoruz&#8221; dedi.<\/p>\n<p>\u0130ftar sofralar\u0131n\u0131n vazge\u00e7ilmez tatl\u0131 \u00e7e\u015fitleri cevize olan talebi artt\u0131rd\u0131. Pazarda ceviz sat\u0131\u015flar\u0131 hareketlendi. Ceviz sat\u0131\u015flar\u0131n\u0131 ili\u015fkin konu\u015fan \u00c7e\u00e7en; &#8220;Ramazan ay\u0131nda incire oldu\u011fu gibi cevize de talep var. Ramazan ay\u0131nda tatl\u0131 \u00e7ok t\u00fcketiliyor. Tatl\u0131n\u0131n olmazsa olmaz\u0131 ceviz. O y\u00fczden vatanda\u015flar\u0131m\u0131z bol bol ceviz al\u0131yor. Satt\u0131\u011f\u0131m\u0131z cevizler Denizli \u00c7ameli\u2019nden geliyor. Bu cevizin \u00f6zelli\u011fi kabu\u011fu ince i\u00e7i s\u00fct beyazd\u0131r. Bir kilo kabuklu cevizden yakla\u015f\u0131k 450 gram i\u00e7 \u00e7\u0131kar. Cevizin kilosu da 230 lira. Ramazan ay\u0131nda vatanda\u015flar bol bol incir ve ceviz t\u00fcketerek sa\u011fl\u0131kl\u0131 besleniyor&#8221; diye ifade etti.<br \/><\/p>\n","protected":false},"excerpt":{"rendered":"<p>Ayd\u0131n\u2019da her g\u00fcn pazarda tezgah a\u00e7an 22 ya\u015f\u0131ndaki Ozan \u00c7e\u00e7en, Ramazan ay\u0131 ile birlikte incir ve cevize talebin artt\u0131\u011f\u0131n\u0131 s\u00f6yledi. Ramazan ay\u0131n\u0131n gelmesiyle birlikte g\u0131da \u00fcr\u00fcnlerinin sat\u0131\u015flar\u0131nda art\u0131\u015f ya\u015fan\u0131yor. \u00d6zellikle d\u00fcnyada incir \u00fcretiminde birinci s\u0131rada yer alan Ayd\u0131n\u2019da vatanda\u015flar Ramazan ay\u0131nda hurmadan ziyade incire ilgisi yo\u011fun oldu. Kilosu 300 ila 450 TL aras\u0131 de\u011fi\u015fen incir&#8230;<\/p>\n","protected":false},"author":1,"featured_media":24777,"comment_status":"open","ping_status":"open","sticky":false,"template":"","format":"standard","meta":{"_crdt_document":"","footnotes":""},"categories":[1],"tags":[],"class_list":["post-24776","post","type-post","status-publish","format-standard","has-post-thumbnail","hentry","category-guncel"],"_links":{"self":[{"href":"https:\/\/www.egemtv.com\/index.php?rest_route=\/wp\/v2\/posts\/24776","targetHints":{"allow":["GET"]}}],"collection":[{"href":"https:\/\/www.egemtv.com\/index.php?rest_route=\/wp\/v2\/posts"}],"about":[{"href":"https:\/\/www.egemtv.com\/index.php?rest_route=\/wp\/v2\/types\/post"}],"author":[{"embeddable":true,"href":"https:\/\/www.egemtv.com\/index.php?rest_route=\/wp\/v2\/users\/1"}],"replies":[{"embeddable":true,"href":"https:\/\/www.egemtv.com\/index.php?rest_route=%2Fwp%2Fv2%2Fcomments&post=24776"}],"version-history":[{"count":1,"href":"https:\/\/www.egemtv.com\/index.php?rest_route=\/wp\/v2\/posts\/24776\/revisions"}],"predecessor-version":[{"id":24778,"href":"https:\/\/www.egemtv.com\/index.php?rest_route=\/wp\/v2\/posts\/24776\/revisions\/24778"}],"wp:featuredmedia":[{"embeddable":true,"href":"https:\/\/www.egemtv.com\/index.php?rest_route=\/wp\/v2\/media\/24777"}],"wp:attachment":[{"href":"https:\/\/www.egemtv.com\/index.php?rest_route=%2Fwp%2Fv2%2Fmedia&parent=24776"}],"wp:term":[{"taxonomy":"category","embeddable":true,"href":"https:\/\/www.egemtv.com\/index.php?rest_route=%2Fwp%2Fv2%2Fcategories&post=24776"},{"taxonomy":"post_tag","embeddable":true,"href":"https:\/\/www.egemtv.com\/index.php?rest_route=%2Fwp%2Fv2%2Ftags&post=24776"}],"curies":[{"name":"wp","href":"https:\/\/api.w.org\/{rel}","templated":true}]}}