{"id":24773,"date":"2025-03-08T14:33:12","date_gmt":"2025-03-08T11:33:12","guid":{"rendered":"https:\/\/www.egemtv.com\/?p=24773"},"modified":"2025-03-08T14:33:17","modified_gmt":"2025-03-08T11:33:17","slug":"aydinin-vekilleri-yaklasik-10-yil-sonra-1-eksikle-ayni-karede-fotograf-verebildi","status":"publish","type":"post","link":"https:\/\/www.egemtv.com\/?p=24773","title":{"rendered":"Ayd\u0131n\u2019\u0131n vekilleri yakla\u015f\u0131k 10 y\u0131l sonra 1 eksikle ayn\u0131 karede foto\u011fraf verebildi"},"content":{"rendered":"<p>Ayd\u0131n\u2019da yakla\u015f\u0131k 10 y\u0131ldan bu yana hi\u00e7bir etkinlik ve programda yan yana gelemeyen Ayd\u0131n\u2019\u0131n Milletvekilleri bas\u0131na kapal\u0131 olarak d\u00fczenlenen \u2018Birlik Yeme\u011fi\u2019 program\u0131nda bir eksikle ayn\u0131 karede foto\u011fraf verebildi. \u0130\u00e7eri\u011fi s\u0131r gibi gizli tutulan yemek ile ilgili yap\u0131lan a\u00e7\u0131klamada toplant\u0131 sonucu Ayd\u0131n lobisini g\u00fc\u00e7lendirme karar\u0131 al\u0131nd\u0131\u011f\u0131 belirtildi.<br \/>\n<br \/>Ayd\u0131n Ticaret Odas\u0131\u2019nda 4 saat s\u00fcren yemek sonras\u0131 vekillerin birbirleri ile sar\u0131l\u0131p vedala\u015fmalar\u0131 dikkatlerden ka\u00e7mazken, toplant\u0131 sonras\u0131 servis edilen foto\u011frafta Ayd\u0131n Valisi Yakup Canbolat\u2019\u0131n \u00e7evresinde CHP\u2019li Vekil H\u00fcseyin Y\u0131ld\u0131z d\u0131\u015f\u0131nda t\u00fcm vekillerin yer ald\u0131\u011f\u0131 g\u00f6r\u00fcld\u00fc.<br \/>\n<br \/>Ayd\u0131n\u2019da kamuoyunu g\u00fcnlerdir me\u015fgul eden ve bas\u0131na kapal\u0131 olaca\u011f\u0131 duyurulan yemek sonunda 2 foto\u011fraf karesi ile yap\u0131lan payla\u015f\u0131mda &#8220;Ayd\u0131n Ticaret Odas\u0131, Ayd\u0131n Ticaret Borsas\u0131, Ayd\u0131n Sanayi Odas\u0131\u2019n\u0131n daveti \u00fczerine Ayd\u0131n Birlik Toplant\u0131s\u0131; Ayd\u0131n Valisi Say\u0131n Yakup Canbolat, Ayd\u0131n Milletvekilleri; Mustafa Sava\u015f, Seda Sar\u0131ba\u015f, \u00d6mer \u00d6zmen, B\u00fclent Tezcan, S\u00fcleyman B\u00fclb\u00fcl, Evrim Karakoz, \u00d6mer Karaka\u015f\u2019\u0131n kat\u0131l\u0131m\u0131 ile ger\u00e7ekle\u015fmi\u015f olup, Ayd\u0131n\u2019la ilgili konular detayl\u0131 bir \u015fekilde ele al\u0131nm\u0131\u015ft\u0131r.<br \/>\n<br \/>Toplant\u0131da, Ayd\u0131n\u2019\u0131n menfaatine olan t\u00fcm konularda birlik ve beraberlik i\u00e7erisinde Ayd\u0131n lobisini g\u00fc\u00e7lendirme kararl\u0131l\u0131\u011f\u0131 vurgulanm\u0131\u015ft\u0131r. Bu tespitten hareketle, toplant\u0131da ortakla\u015fan g\u00f6r\u00fc\u015flerin e\u015fg\u00fcd\u00fcml\u00fc bir \u00e7al\u0131\u015fma i\u00e7inde ele al\u0131nmas\u0131n\u0131n faydas\u0131na i\u015faret edilmi\u015f, Ayd\u0131nla ilgili konular\u0131n detayl\u0131 olarak de\u011ferlendirilece\u011fi ikinci toplant\u0131n\u0131n Nisan Ay\u0131 i\u00e7erisinde Ayd\u0131n Ticaret Borsas\u0131\u2019nda yap\u0131lmas\u0131 kararla\u015ft\u0131r\u0131lm\u0131\u015ft\u0131r. Ayd\u0131n kamuoyuna sayg\u0131yla duyurulur&#8221; ifadelerine yer verildi.<br \/>\n<br \/>Ayd\u0131n Ticaret Odas\u0131 Ba\u015fkan\u0131 Hakan \u00dclken, Ayd\u0131n Ticaret Borsas\u0131 Ba\u015fkan\u0131 Fevzi \u00c7ondur ve Ayd\u0131n Sanayi Odas\u0131 Ba\u015fkan\u0131 G\u00f6khan Mara\u015f imzas\u0131 ile yap\u0131lan a\u00e7\u0131klamada toplant\u0131ya ili\u015fkin herhangi bir detay verilmedi.<br \/><\/p>\n","protected":false},"excerpt":{"rendered":"<p>Ayd\u0131n\u2019da yakla\u015f\u0131k 10 y\u0131ldan bu yana hi\u00e7bir etkinlik ve programda yan yana gelemeyen Ayd\u0131n\u2019\u0131n Milletvekilleri bas\u0131na kapal\u0131 olarak d\u00fczenlenen \u2018Birlik Yeme\u011fi\u2019 program\u0131nda bir eksikle ayn\u0131 karede foto\u011fraf verebildi. \u0130\u00e7eri\u011fi s\u0131r gibi gizli tutulan yemek ile ilgili yap\u0131lan a\u00e7\u0131klamada toplant\u0131 sonucu Ayd\u0131n lobisini g\u00fc\u00e7lendirme karar\u0131 al\u0131nd\u0131\u011f\u0131 belirtildi. Ayd\u0131n Ticaret Odas\u0131\u2019nda 4 saat s\u00fcren yemek sonras\u0131 vekillerin&#8230;<\/p>\n","protected":false},"author":1,"featured_media":24774,"comment_status":"open","ping_status":"open","sticky":false,"template":"","format":"standard","meta":{"_crdt_document":"","footnotes":""},"categories":[127],"tags":[],"class_list":["post-24773","post","type-post","status-publish","format-standard","has-post-thumbnail","hentry","category-siyaset"],"_links":{"self":[{"href":"https:\/\/www.egemtv.com\/index.php?rest_route=\/wp\/v2\/posts\/24773","targetHints":{"allow":["GET"]}}],"collection":[{"href":"https:\/\/www.egemtv.com\/index.php?rest_route=\/wp\/v2\/posts"}],"about":[{"href":"https:\/\/www.egemtv.com\/index.php?rest_route=\/wp\/v2\/types\/post"}],"author":[{"embeddable":true,"href":"https:\/\/www.egemtv.com\/index.php?rest_route=\/wp\/v2\/users\/1"}],"replies":[{"embeddable":true,"href":"https:\/\/www.egemtv.com\/index.php?rest_route=%2Fwp%2Fv2%2Fcomments&post=24773"}],"version-history":[{"count":1,"href":"https:\/\/www.egemtv.com\/index.php?rest_route=\/wp\/v2\/posts\/24773\/revisions"}],"predecessor-version":[{"id":24775,"href":"https:\/\/www.egemtv.com\/index.php?rest_route=\/wp\/v2\/posts\/24773\/revisions\/24775"}],"wp:featuredmedia":[{"embeddable":true,"href":"https:\/\/www.egemtv.com\/index.php?rest_route=\/wp\/v2\/media\/24774"}],"wp:attachment":[{"href":"https:\/\/www.egemtv.com\/index.php?rest_route=%2Fwp%2Fv2%2Fmedia&parent=24773"}],"wp:term":[{"taxonomy":"category","embeddable":true,"href":"https:\/\/www.egemtv.com\/index.php?rest_route=%2Fwp%2Fv2%2Fcategories&post=24773"},{"taxonomy":"post_tag","embeddable":true,"href":"https:\/\/www.egemtv.com\/index.php?rest_route=%2Fwp%2Fv2%2Ftags&post=24773"}],"curies":[{"name":"wp","href":"https:\/\/api.w.org\/{rel}","templated":true}]}}