{"id":24770,"date":"2025-03-08T14:33:08","date_gmt":"2025-03-08T11:33:08","guid":{"rendered":"https:\/\/www.egemtv.com\/?p=24770"},"modified":"2025-03-08T14:33:12","modified_gmt":"2025-03-08T11:33:12","slug":"otelde-gocmen-operasyonu-5-gozalti","status":"publish","type":"post","link":"https:\/\/www.egemtv.com\/?p=24770","title":{"rendered":"Otelde g\u00f6\u00e7men operasyonu: 5 g\u00f6zalt\u0131"},"content":{"rendered":"<p>Mu\u011fla\u2019n\u0131n Bodrum il\u00e7esinde bir otele d\u00fczenlenen operasyonda g\u00f6\u00e7men ka\u00e7ak\u00e7\u0131l\u0131\u011f\u0131 yapt\u0131klar\u0131 iddias\u0131yla 5 ki\u015fi g\u00f6zalt\u0131na al\u0131nd\u0131.<\/p>\n<p>Mu\u011fla G\u00f6\u00e7men Ka\u00e7ak\u00e7\u0131l\u0131\u011f\u0131 ve Hudut Kap\u0131lar\u0131 \u015eube M\u00fcd\u00fcrl\u00fc\u011f\u00fc ekiplerince yasad\u0131\u015f\u0131 d\u00fczensiz g\u00f6\u00e7 ak\u0131\u015f\u0131n\u0131n \u00f6nlenmesi ve g\u00f6\u00e7men ka\u00e7ak\u00e7\u0131l\u0131\u011f\u0131 ile m\u00fccadele kapsam\u0131nda denetimler s\u00fcr\u00fcyor. Bu kapsamda Bodrum\u2019da bir otelde yap\u0131lan denetimler neticesinde, g\u00f6\u00e7men ka\u00e7ak\u00e7\u0131l\u0131\u011f\u0131 yapt\u0131klar\u0131 iddias\u0131yla 5 \u015f\u00fcpheli g\u00f6zalt\u0131na al\u0131nd\u0131. Adli makamlar\u0131n kar\u015f\u0131s\u0131na \u00e7\u0131kar\u0131lan \u015f\u00fcphelilerden 3\u2019\u00fc tutuklan\u0131rken 2\u2019si adli kontrol \u015fart\u0131yla serbest b\u0131rak\u0131ld\u0131. Olayla ilgili ba\u015flat\u0131lan soru\u015fturma s\u00fcr\u00fcyor.<br \/><\/p>\n","protected":false},"excerpt":{"rendered":"<p>Mu\u011fla\u2019n\u0131n Bodrum il\u00e7esinde bir otele d\u00fczenlenen operasyonda g\u00f6\u00e7men ka\u00e7ak\u00e7\u0131l\u0131\u011f\u0131 yapt\u0131klar\u0131 iddias\u0131yla 5 ki\u015fi g\u00f6zalt\u0131na al\u0131nd\u0131. Mu\u011fla G\u00f6\u00e7men Ka\u00e7ak\u00e7\u0131l\u0131\u011f\u0131 ve Hudut Kap\u0131lar\u0131 \u015eube M\u00fcd\u00fcrl\u00fc\u011f\u00fc ekiplerince yasad\u0131\u015f\u0131 d\u00fczensiz g\u00f6\u00e7 ak\u0131\u015f\u0131n\u0131n \u00f6nlenmesi ve g\u00f6\u00e7men ka\u00e7ak\u00e7\u0131l\u0131\u011f\u0131 ile m\u00fccadele kapsam\u0131nda denetimler s\u00fcr\u00fcyor. Bu kapsamda Bodrum\u2019da bir otelde yap\u0131lan denetimler neticesinde, g\u00f6\u00e7men ka\u00e7ak\u00e7\u0131l\u0131\u011f\u0131 yapt\u0131klar\u0131 iddias\u0131yla 5 \u015f\u00fcpheli g\u00f6zalt\u0131na al\u0131nd\u0131. Adli makamlar\u0131n&#8230;<\/p>\n","protected":false},"author":1,"featured_media":24771,"comment_status":"open","ping_status":"open","sticky":false,"template":"","format":"standard","meta":{"_crdt_document":"","footnotes":""},"categories":[5],"tags":[],"class_list":["post-24770","post","type-post","status-publish","format-standard","has-post-thumbnail","hentry","category-asayis"],"_links":{"self":[{"href":"https:\/\/www.egemtv.com\/index.php?rest_route=\/wp\/v2\/posts\/24770","targetHints":{"allow":["GET"]}}],"collection":[{"href":"https:\/\/www.egemtv.com\/index.php?rest_route=\/wp\/v2\/posts"}],"about":[{"href":"https:\/\/www.egemtv.com\/index.php?rest_route=\/wp\/v2\/types\/post"}],"author":[{"embeddable":true,"href":"https:\/\/www.egemtv.com\/index.php?rest_route=\/wp\/v2\/users\/1"}],"replies":[{"embeddable":true,"href":"https:\/\/www.egemtv.com\/index.php?rest_route=%2Fwp%2Fv2%2Fcomments&post=24770"}],"version-history":[{"count":1,"href":"https:\/\/www.egemtv.com\/index.php?rest_route=\/wp\/v2\/posts\/24770\/revisions"}],"predecessor-version":[{"id":24772,"href":"https:\/\/www.egemtv.com\/index.php?rest_route=\/wp\/v2\/posts\/24770\/revisions\/24772"}],"wp:featuredmedia":[{"embeddable":true,"href":"https:\/\/www.egemtv.com\/index.php?rest_route=\/wp\/v2\/media\/24771"}],"wp:attachment":[{"href":"https:\/\/www.egemtv.com\/index.php?rest_route=%2Fwp%2Fv2%2Fmedia&parent=24770"}],"wp:term":[{"taxonomy":"category","embeddable":true,"href":"https:\/\/www.egemtv.com\/index.php?rest_route=%2Fwp%2Fv2%2Fcategories&post=24770"},{"taxonomy":"post_tag","embeddable":true,"href":"https:\/\/www.egemtv.com\/index.php?rest_route=%2Fwp%2Fv2%2Ftags&post=24770"}],"curies":[{"name":"wp","href":"https:\/\/api.w.org\/{rel}","templated":true}]}}