{"id":24767,"date":"2025-03-08T14:33:03","date_gmt":"2025-03-08T11:33:03","guid":{"rendered":"https:\/\/www.egemtv.com\/?p=24767"},"modified":"2025-03-08T14:33:08","modified_gmt":"2025-03-08T11:33:08","slug":"denizli-buyuksehirden-zeytin-fidani-seferberligi","status":"publish","type":"post","link":"https:\/\/www.egemtv.com\/?p=24767","title":{"rendered":"Denizli B\u00fcy\u00fck\u015fehirden zeytin fidan\u0131 seferberli\u011fi"},"content":{"rendered":"<p>Denizli B\u00fcy\u00fck\u015fehir Belediyesi, zeytin yeti\u015ftiricili\u011finin yayg\u0131nla\u015ft\u0131r\u0131lmas\u0131 ve \u00fcreticilere sertifikal\u0131 fidan kullanma al\u0131\u015fkanl\u0131\u011f\u0131n\u0131n kazand\u0131r\u0131lmas\u0131 amac\u0131yla kent genelinde ba\u015flatt\u0131\u011f\u0131 fidan da\u011f\u0131t\u0131m s\u00fcrecini kent merkezine ta\u015f\u0131d\u0131.<br \/>\n<br \/>Kent genelinde toplam 46 bin 595 zeytin fidan\u0131 da\u011f\u0131t\u0131l\u0131rken, bu s\u00fcrecin bir aya\u011f\u0131 da merkez mahallelerde ger\u00e7ekle\u015fti. Denizli B\u00fcy\u00fck\u015fehir Belediyesi, kent sakinlerini tar\u0131msal \u00fcretime te\u015fvik etmek, dayan\u0131\u015fmay\u0131 art\u0131rmak ve yerel ekonomiyi g\u00fc\u00e7lendirmek amac\u0131yla \u00f6nemli bir projeyi hayata ge\u00e7irdi. Bu kapsamda Kay\u0131han, Dokuzkavaklar, Kar\u015f\u0131yaka, Akhan, Eskihisar, \u0130lbade, Sevindik ve S\u00fcmer Mahalleleri\u2019nde vatanda\u015flara \u00fccretsiz olarak zeytin fidanlar\u0131 ula\u015ft\u0131r\u0131ld\u0131. Da\u011f\u0131t\u0131m\u0131n, hem kentsel tar\u0131m\u0131 te\u015fvik etmek hem de ye\u015fil alanlar\u0131 art\u0131rarak \u00e7evreye katk\u0131 sa\u011flamak amac\u0131yla yap\u0131ld\u0131\u011f\u0131 ifade edildi.<\/p>\n<p>Vatanda\u015f memnun<br \/>\n<br \/>\u00dccretsiz olarak da\u011f\u0131t\u0131lan fidanlar\u0131 alan vatanda\u015flar, projeden duyduklar\u0131 memnuniyeti dile getirirken, kendi bah\u00e7elerinde ya da uygun alanlarda bu fidanlar\u0131 yeti\u015ftirerek \u00fcretime katk\u0131da bulunmay\u0131 hedeflediklerini ifade etti. Denizli\u2019de tar\u0131msal \u00fcretimi art\u0131rmay\u0131 ama\u00e7layan bu t\u00fcr projelerin ilerleyen d\u00f6nemlerde de s\u00fcrd\u00fcr\u00fclece\u011fi ve farkl\u0131 t\u00fcrlerdeki fidan desteklerinin de de\u011ferlendirilece\u011fi kaydedildi.<br \/><\/p>\n","protected":false},"excerpt":{"rendered":"<p>Denizli B\u00fcy\u00fck\u015fehir Belediyesi, zeytin yeti\u015ftiricili\u011finin yayg\u0131nla\u015ft\u0131r\u0131lmas\u0131 ve \u00fcreticilere sertifikal\u0131 fidan kullanma al\u0131\u015fkanl\u0131\u011f\u0131n\u0131n kazand\u0131r\u0131lmas\u0131 amac\u0131yla kent genelinde ba\u015flatt\u0131\u011f\u0131 fidan da\u011f\u0131t\u0131m s\u00fcrecini kent merkezine ta\u015f\u0131d\u0131. Kent genelinde toplam 46 bin 595 zeytin fidan\u0131 da\u011f\u0131t\u0131l\u0131rken, bu s\u00fcrecin bir aya\u011f\u0131 da merkez mahallelerde ger\u00e7ekle\u015fti. Denizli B\u00fcy\u00fck\u015fehir Belediyesi, kent sakinlerini tar\u0131msal \u00fcretime te\u015fvik etmek, dayan\u0131\u015fmay\u0131 art\u0131rmak ve yerel ekonomiyi g\u00fc\u00e7lendirmek&#8230;<\/p>\n","protected":false},"author":1,"featured_media":24768,"comment_status":"open","ping_status":"open","sticky":false,"template":"","format":"standard","meta":{"_crdt_document":"","footnotes":""},"categories":[125],"tags":[],"class_list":["post-24767","post","type-post","status-publish","format-standard","has-post-thumbnail","hentry","category-ekonomi"],"_links":{"self":[{"href":"https:\/\/www.egemtv.com\/index.php?rest_route=\/wp\/v2\/posts\/24767","targetHints":{"allow":["GET"]}}],"collection":[{"href":"https:\/\/www.egemtv.com\/index.php?rest_route=\/wp\/v2\/posts"}],"about":[{"href":"https:\/\/www.egemtv.com\/index.php?rest_route=\/wp\/v2\/types\/post"}],"author":[{"embeddable":true,"href":"https:\/\/www.egemtv.com\/index.php?rest_route=\/wp\/v2\/users\/1"}],"replies":[{"embeddable":true,"href":"https:\/\/www.egemtv.com\/index.php?rest_route=%2Fwp%2Fv2%2Fcomments&post=24767"}],"version-history":[{"count":1,"href":"https:\/\/www.egemtv.com\/index.php?rest_route=\/wp\/v2\/posts\/24767\/revisions"}],"predecessor-version":[{"id":24769,"href":"https:\/\/www.egemtv.com\/index.php?rest_route=\/wp\/v2\/posts\/24767\/revisions\/24769"}],"wp:featuredmedia":[{"embeddable":true,"href":"https:\/\/www.egemtv.com\/index.php?rest_route=\/wp\/v2\/media\/24768"}],"wp:attachment":[{"href":"https:\/\/www.egemtv.com\/index.php?rest_route=%2Fwp%2Fv2%2Fmedia&parent=24767"}],"wp:term":[{"taxonomy":"category","embeddable":true,"href":"https:\/\/www.egemtv.com\/index.php?rest_route=%2Fwp%2Fv2%2Fcategories&post=24767"},{"taxonomy":"post_tag","embeddable":true,"href":"https:\/\/www.egemtv.com\/index.php?rest_route=%2Fwp%2Fv2%2Ftags&post=24767"}],"curies":[{"name":"wp","href":"https:\/\/api.w.org\/{rel}","templated":true}]}}