{"id":24764,"date":"2025-03-08T14:32:59","date_gmt":"2025-03-08T11:32:59","guid":{"rendered":"https:\/\/www.egemtv.com\/?p=24764"},"modified":"2025-03-08T14:33:03","modified_gmt":"2025-03-08T11:33:03","slug":"denizli-kent-konseyi-kadin-meclisi-emekci-kadinlari-ziyaret-etti","status":"publish","type":"post","link":"https:\/\/www.egemtv.com\/?p=24764","title":{"rendered":"Denizli Kent Konseyi Kad\u0131n Meclisi emek\u00e7i kad\u0131nlar\u0131 ziyaret etti"},"content":{"rendered":"<p>Denizli B\u00fcy\u00fck\u015fehir Belediyesi Kent Konseyi Kad\u0131n Meclisi, 8 Mart D\u00fcnya Kad\u0131nlar G\u00fcn\u00fc dolay\u0131s\u0131yla tekstil sekt\u00f6r\u00fcnde emek veren kad\u0131nlar\u0131 ziyaret ederek, onlar\u0131n bu \u00f6zel g\u00fcn\u00fcn\u00fc anlaml\u0131 etkinliklerle ta\u00e7land\u0131rd\u0131. Emek\u00e7i kad\u0131nlar, profesyonel e\u011fitmenler e\u015fli\u011finde zumba yaparak stres atarken, m\u00fczi\u011fin ritmiyle ne\u015feli anlar ya\u015fad\u0131.<br \/>\n<br \/>Denizli B\u00fcy\u00fck\u015fehir Belediyesi Kent Konseyi Kad\u0131n Meclisi, 8 Mart D\u00fcnya Kad\u0131nlar G\u00fcn\u00fc kapsam\u0131nda tekstil sekt\u00f6r\u00fcnde \u00e7al\u0131\u015fan emek\u00e7i kad\u0131nlarla bir araya geldi. Nakosan Tekstil, Aysu Tekstil ve Nesa Tekstil\u2019de d\u00fczenlenen etkinliklere Denizli B\u00fcy\u00fck\u015fehir Belediyesi Kent Konseyi Ba\u015fkan\u0131 Ali Mar\u0131m, Kad\u0131n Meclisi Ba\u015fkan\u0131 Meral Alten, y\u00fcr\u00fctme kurulu \u00fcyeleri ve Kent Konseyi Genel Sekreteri Baran Ak\u0131n da e\u015flik etti. Kad\u0131nlar\u0131n yo\u011fun ilgi g\u00f6sterdi\u011fi etkinliklerde, 8 Mart D\u00fcnya Kad\u0131nlar G\u00fcn\u00fc kutlan\u0131rken, kad\u0131n \u00e7al\u0131\u015fanlar\u0131n emekleri takdir edildi. Program kapsam\u0131nda, kad\u0131nlar i\u00e7in \u00f6zel olarak d\u00fczenlenen Zumba etkinlikleri b\u00fcy\u00fck be\u011feni toplad\u0131. M\u00fczi\u011fin ritmine kendilerini kapt\u0131ran kad\u0131nlar, e\u011flenceli anlar ya\u015farken, ayn\u0131 zamanda spor yaparak sa\u011fl\u0131kl\u0131 bir g\u00fcn ge\u00e7irme f\u0131rsat\u0131 buldu.<\/p>\n<p>Kad\u0131nlardan te\u015fekk\u00fcr<br \/>\n<br \/>Denizli B\u00fcy\u00fck\u015fehir Belediyesi Kent Konseyi Ba\u015fkan\u0131 Ali Mar\u0131m, kad\u0131n eme\u011finin \u00f6nemine vurgu yaparak, &#8220;Kad\u0131nlar\u0131m\u0131z\u0131n toplumda daha g\u00fc\u00e7l\u00fc, daha aktif ve hak ettikleri yerlerde olmalar\u0131 i\u00e7in her zaman yanlar\u0131nda olaca\u011f\u0131z. Kad\u0131nlar\u0131n eme\u011fi ve m\u00fccadelesi bizler i\u00e7in \u00e7ok k\u0131ymetli.  8 Mart D\u00fcnya Emek\u00e7i Kad\u0131nlar G\u00fcn\u00fc\u2019n\u00fcz kutlu olsun&#8221; dedi.  Etkinliklerde kad\u0131n \u00e7al\u0131\u015fanlara g\u00fcn\u00fcn an\u0131s\u0131na hediye takdim edilirken,  program co\u015fkulu anlarla sona erdi. Kad\u0131nlar, Denizli B\u00fcy\u00fck\u015fehir Belediyesi ve Kent Konseyi Kad\u0131n Meclisi\u2019ne te\u015fekk\u00fcr ederek, bu t\u00fcr etkinliklerin devam etmesini diledi.<\/p>\n<p>Kad\u0131n mahkumlar unutulmad\u0131<br \/>\n<br \/>8 Mart D\u00fcnya Emek\u00e7i Kad\u0131nlar G\u00fcn\u00fc\u2019ne \u00f6zel etkinliklerin bir di\u011fer aya\u011f\u0131 da<br \/>\n<br \/>Bozkurt Kad\u0131n A\u00e7\u0131k Ceza \u0130nfaz Kurumu\u2019nda ger\u00e7ekle\u015ftirildi.  Kent Konseyi Kad\u0131n Meclisi\u2019nin d\u00fczenledi\u011fi ziyaret ve \u00f6zel programda tutuklu ve h\u00fck\u00fcml\u00fc kad\u0131nlar, 8 Mart D\u00fcnya Emek\u00e7i Kad\u0131nlar G\u00fcn\u00fc dolay\u0131s\u0131yla hem spor yapt\u0131, hem de Denizli B\u00fcy\u00fck\u015fehir Belediyesi Konservatuvar\u0131 sanat\u00e7\u0131lar\u0131n\u0131n sahne ald\u0131\u011f\u0131 m\u00fczik \u015f\u00f6leninde doyas\u0131ya e\u011flendi.<br \/><\/p>\n","protected":false},"excerpt":{"rendered":"<p>Denizli B\u00fcy\u00fck\u015fehir Belediyesi Kent Konseyi Kad\u0131n Meclisi, 8 Mart D\u00fcnya Kad\u0131nlar G\u00fcn\u00fc dolay\u0131s\u0131yla tekstil sekt\u00f6r\u00fcnde emek veren kad\u0131nlar\u0131 ziyaret ederek, onlar\u0131n bu \u00f6zel g\u00fcn\u00fcn\u00fc anlaml\u0131 etkinliklerle ta\u00e7land\u0131rd\u0131. Emek\u00e7i kad\u0131nlar, profesyonel e\u011fitmenler e\u015fli\u011finde zumba yaparak stres atarken, m\u00fczi\u011fin ritmiyle ne\u015feli anlar ya\u015fad\u0131. Denizli B\u00fcy\u00fck\u015fehir Belediyesi Kent Konseyi Kad\u0131n Meclisi, 8 Mart D\u00fcnya Kad\u0131nlar G\u00fcn\u00fc kapsam\u0131nda tekstil&#8230;<\/p>\n","protected":false},"author":1,"featured_media":24765,"comment_status":"open","ping_status":"open","sticky":false,"template":"","format":"standard","meta":{"_crdt_document":"","footnotes":""},"categories":[123],"tags":[],"class_list":["post-24764","post","type-post","status-publish","format-standard","has-post-thumbnail","hentry","category-gundem"],"_links":{"self":[{"href":"https:\/\/www.egemtv.com\/index.php?rest_route=\/wp\/v2\/posts\/24764","targetHints":{"allow":["GET"]}}],"collection":[{"href":"https:\/\/www.egemtv.com\/index.php?rest_route=\/wp\/v2\/posts"}],"about":[{"href":"https:\/\/www.egemtv.com\/index.php?rest_route=\/wp\/v2\/types\/post"}],"author":[{"embeddable":true,"href":"https:\/\/www.egemtv.com\/index.php?rest_route=\/wp\/v2\/users\/1"}],"replies":[{"embeddable":true,"href":"https:\/\/www.egemtv.com\/index.php?rest_route=%2Fwp%2Fv2%2Fcomments&post=24764"}],"version-history":[{"count":1,"href":"https:\/\/www.egemtv.com\/index.php?rest_route=\/wp\/v2\/posts\/24764\/revisions"}],"predecessor-version":[{"id":24766,"href":"https:\/\/www.egemtv.com\/index.php?rest_route=\/wp\/v2\/posts\/24764\/revisions\/24766"}],"wp:featuredmedia":[{"embeddable":true,"href":"https:\/\/www.egemtv.com\/index.php?rest_route=\/wp\/v2\/media\/24765"}],"wp:attachment":[{"href":"https:\/\/www.egemtv.com\/index.php?rest_route=%2Fwp%2Fv2%2Fmedia&parent=24764"}],"wp:term":[{"taxonomy":"category","embeddable":true,"href":"https:\/\/www.egemtv.com\/index.php?rest_route=%2Fwp%2Fv2%2Fcategories&post=24764"},{"taxonomy":"post_tag","embeddable":true,"href":"https:\/\/www.egemtv.com\/index.php?rest_route=%2Fwp%2Fv2%2Ftags&post=24764"}],"curies":[{"name":"wp","href":"https:\/\/api.w.org\/{rel}","templated":true}]}}