{"id":24761,"date":"2025-03-08T14:08:20","date_gmt":"2025-03-08T11:08:20","guid":{"rendered":"https:\/\/www.egemtv.com\/?p=24761"},"modified":"2025-03-08T14:08:25","modified_gmt":"2025-03-08T11:08:25","slug":"baskan-balabandan-isci-servisi-bekleyen-kadinlara-anlamli-ziyaret","status":"publish","type":"post","link":"https:\/\/www.egemtv.com\/?p=24761","title":{"rendered":"Ba\u015fkan Balaban\u2019dan i\u015f\u00e7i servisi bekleyen kad\u0131nlara anlaml\u0131 ziyaret"},"content":{"rendered":"<p>Yunusemre Belediye Ba\u015fkan\u0131 Semih Balaban, 8 Mart D\u00fcnya Emek\u00e7i Kad\u0131nlar G\u00fcn\u00fc dolay\u0131s\u0131yla sabah\u0131n erken saatlerinde emek\u00e7i kad\u0131nlarla bir araya geldi.<br \/>\n<br \/>Karak\u00f6y\u2019de i\u015fe gitmek i\u00e7in servis bekleyen kad\u0131nlar\u0131 ziyaret eden Ba\u015fkan Balaban, onlar\u0131n g\u00fcn\u00fcn\u00fc kutlad\u0131.<br \/>\n<br \/>Hafta boyunca \u00e7e\u015fitli etkinliklerle kad\u0131n haklar\u0131n\u0131n \u00f6nemine dikkat \u00e7eken Yunusemre Belediyesi, il\u00e7enin be\u015f farkl\u0131 noktas\u0131nda 8 Mart D\u00fcnya Emek\u00e7i Kad\u0131nlar G\u00fcn\u00fc\u2019n\u00fc kutlad\u0131. Sabah 06.30\u2019da Karak\u00f6y\u2019de emek\u00e7i kad\u0131nlarla bulu\u015fan Ba\u015fkan Balaban\u2019a, e\u015fi Serap Balaban ve Belediye Ba\u015fkan Yard\u0131mc\u0131s\u0131 Emine \u00d6zge Arslan da e\u015flik etti. Karak\u00f6y\u2019\u00fcn yan\u0131 s\u0131ra \u015eeyh Fenari Camii \u00f6n\u00fc, Malta, Laleli ve Muradiye\u2019deki servis noktalar\u0131nda da belediyenin kad\u0131n m\u00fcd\u00fcrleri, meclis \u00fcyeleri ve Yunusemre Kent Konseyi \u00fcyeleri taraf\u0131ndan kad\u0131nlar\u0131n g\u00fcn\u00fc kutland\u0131.<br \/>\n<br \/>Kad\u0131nlar\u0131n toplumdaki emeklerinin b\u00fcy\u00fck oldu\u011funu vurgulayan Ba\u015fkan Balaban, yapt\u0131\u011f\u0131 a\u00e7\u0131klamada \u015funlar\u0131 s\u00f6yledi: &#8220;8 Mart D\u00fcnya Emek\u00e7i Kad\u0131nlar G\u00fcn\u00fc\u2019nde emek\u00e7i kad\u0131n karde\u015flerimizi unutmad\u0131k. Sabah\u0131n erken saatlerinde i\u015f\u00e7i servisi duraklar\u0131nda, \u00e7e\u015fitli fabrikalarda \u00e7al\u0131\u015fan emek\u00e7i karde\u015flerimiz ile bir araya gelerek onlar\u0131n bu anlaml\u0131 g\u00fcn\u00fcn\u00fc kutlad\u0131k. Kad\u0131nlar\u0131m\u0131z\u0131n eme\u011fi, fedak\u00e2rl\u0131\u011f\u0131 ve azmi bizim i\u00e7in \u00e7ok k\u0131ymetli. Onlar\u0131n her zaman yan\u0131nda olmaya devam edece\u011fiz.&#8221;<br \/>\n<br \/>Ba\u015fkan Balaban\u2019\u0131 kar\u015f\u0131lar\u0131nda g\u00f6ren kad\u0131nlar \u015fa\u015fk\u0131nl\u0131klar\u0131n\u0131 gizleyemezken, duyarl\u0131l\u0131\u011f\u0131ndan dolay\u0131 da te\u015fekk\u00fcr etti.<br \/><\/p>\n","protected":false},"excerpt":{"rendered":"<p>Yunusemre Belediye Ba\u015fkan\u0131 Semih Balaban, 8 Mart D\u00fcnya Emek\u00e7i Kad\u0131nlar G\u00fcn\u00fc dolay\u0131s\u0131yla sabah\u0131n erken saatlerinde emek\u00e7i kad\u0131nlarla bir araya geldi. Karak\u00f6y\u2019de i\u015fe gitmek i\u00e7in servis bekleyen kad\u0131nlar\u0131 ziyaret eden Ba\u015fkan Balaban, onlar\u0131n g\u00fcn\u00fcn\u00fc kutlad\u0131. Hafta boyunca \u00e7e\u015fitli etkinliklerle kad\u0131n haklar\u0131n\u0131n \u00f6nemine dikkat \u00e7eken Yunusemre Belediyesi, il\u00e7enin be\u015f farkl\u0131 noktas\u0131nda 8 Mart D\u00fcnya Emek\u00e7i Kad\u0131nlar G\u00fcn\u00fc\u2019n\u00fc&#8230;<\/p>\n","protected":false},"author":1,"featured_media":24762,"comment_status":"open","ping_status":"open","sticky":false,"template":"","format":"standard","meta":{"_crdt_document":"","footnotes":""},"categories":[123],"tags":[],"class_list":["post-24761","post","type-post","status-publish","format-standard","has-post-thumbnail","hentry","category-gundem"],"_links":{"self":[{"href":"https:\/\/www.egemtv.com\/index.php?rest_route=\/wp\/v2\/posts\/24761","targetHints":{"allow":["GET"]}}],"collection":[{"href":"https:\/\/www.egemtv.com\/index.php?rest_route=\/wp\/v2\/posts"}],"about":[{"href":"https:\/\/www.egemtv.com\/index.php?rest_route=\/wp\/v2\/types\/post"}],"author":[{"embeddable":true,"href":"https:\/\/www.egemtv.com\/index.php?rest_route=\/wp\/v2\/users\/1"}],"replies":[{"embeddable":true,"href":"https:\/\/www.egemtv.com\/index.php?rest_route=%2Fwp%2Fv2%2Fcomments&post=24761"}],"version-history":[{"count":1,"href":"https:\/\/www.egemtv.com\/index.php?rest_route=\/wp\/v2\/posts\/24761\/revisions"}],"predecessor-version":[{"id":24763,"href":"https:\/\/www.egemtv.com\/index.php?rest_route=\/wp\/v2\/posts\/24761\/revisions\/24763"}],"wp:featuredmedia":[{"embeddable":true,"href":"https:\/\/www.egemtv.com\/index.php?rest_route=\/wp\/v2\/media\/24762"}],"wp:attachment":[{"href":"https:\/\/www.egemtv.com\/index.php?rest_route=%2Fwp%2Fv2%2Fmedia&parent=24761"}],"wp:term":[{"taxonomy":"category","embeddable":true,"href":"https:\/\/www.egemtv.com\/index.php?rest_route=%2Fwp%2Fv2%2Fcategories&post=24761"},{"taxonomy":"post_tag","embeddable":true,"href":"https:\/\/www.egemtv.com\/index.php?rest_route=%2Fwp%2Fv2%2Ftags&post=24761"}],"curies":[{"name":"wp","href":"https:\/\/api.w.org\/{rel}","templated":true}]}}