{"id":24758,"date":"2025-03-08T13:46:46","date_gmt":"2025-03-08T10:46:46","guid":{"rendered":"https:\/\/www.egemtv.com\/?p=24758"},"modified":"2025-03-08T13:46:50","modified_gmt":"2025-03-08T10:46:50","slug":"koycegizde-miniklerden-8-marta-anlamli-kutlama","status":"publish","type":"post","link":"https:\/\/www.egemtv.com\/?p=24758","title":{"rendered":"K\u00f6yce\u011fiz\u2019de miniklerden 8 Mart\u2019a anlaml\u0131 kutlama"},"content":{"rendered":"<p>Mu\u011fla\u2019n\u0131n K\u00f6yce\u011fiz il\u00e7esinde anaokulu \u00f6\u011frencileri, 8 Mart D\u00fcnya Kad\u0131nlar G\u00fcn\u00fc dolay\u0131s\u0131yla sokaktaki kad\u0131nlara \u00e7i\u00e7ek da\u011f\u0131tarak g\u00fcnlerini kutlad\u0131.<\/p>\n<p>K\u00f6yce\u011fiz\u2019de anaokulu \u00f6\u011frencileri ellerine ald\u0131klar\u0131 \u00e7i\u00e7ekler ile kad\u0131nlar\u0131n g\u00fcn\u00fcn\u00fc kutlay\u0131p fark\u0131ndal\u0131k olu\u015fturdu. Miniklerin s\u00fcrprizi, vatanda\u015flar taraf\u0131ndan ilgiyle kar\u015f\u0131land\u0131. Kad\u0131nlar G\u00fcn\u00fc\u2019n\u00fc kutlamak i\u00e7in d\u00fczenlenen etkinlikte, \u00f6\u011frenciler ellerindeki \u00e7i\u00e7ekleri kad\u0131nlara sunarak anlaml\u0131 bir jest yapt\u0131. \u00c7ocuklar\u0131n i\u00e7ten davran\u0131\u015flar\u0131, g\u00fcn\u00fcn anlam ve \u00f6nemini vurgulayan duygu dolu anlara sahne oldu. K\u00f6yce\u011fiz\u2019de ger\u00e7ekle\u015ftirilen etkinlikte miniklerin g\u00f6sterdi\u011fi duyarl\u0131l\u0131k takdir toplad\u0131.<br \/><\/p>\n","protected":false},"excerpt":{"rendered":"<p>Mu\u011fla\u2019n\u0131n K\u00f6yce\u011fiz il\u00e7esinde anaokulu \u00f6\u011frencileri, 8 Mart D\u00fcnya Kad\u0131nlar G\u00fcn\u00fc dolay\u0131s\u0131yla sokaktaki kad\u0131nlara \u00e7i\u00e7ek da\u011f\u0131tarak g\u00fcnlerini kutlad\u0131. K\u00f6yce\u011fiz\u2019de anaokulu \u00f6\u011frencileri ellerine ald\u0131klar\u0131 \u00e7i\u00e7ekler ile kad\u0131nlar\u0131n g\u00fcn\u00fcn\u00fc kutlay\u0131p fark\u0131ndal\u0131k olu\u015fturdu. Miniklerin s\u00fcrprizi, vatanda\u015flar taraf\u0131ndan ilgiyle kar\u015f\u0131land\u0131. Kad\u0131nlar G\u00fcn\u00fc\u2019n\u00fc kutlamak i\u00e7in d\u00fczenlenen etkinlikte, \u00f6\u011frenciler ellerindeki \u00e7i\u00e7ekleri kad\u0131nlara sunarak anlaml\u0131 bir jest yapt\u0131. \u00c7ocuklar\u0131n i\u00e7ten davran\u0131\u015flar\u0131, g\u00fcn\u00fcn anlam&#8230;<\/p>\n","protected":false},"author":1,"featured_media":24759,"comment_status":"open","ping_status":"open","sticky":false,"template":"","format":"standard","meta":{"_crdt_document":"","footnotes":""},"categories":[1],"tags":[],"class_list":["post-24758","post","type-post","status-publish","format-standard","has-post-thumbnail","hentry","category-guncel"],"_links":{"self":[{"href":"https:\/\/www.egemtv.com\/index.php?rest_route=\/wp\/v2\/posts\/24758","targetHints":{"allow":["GET"]}}],"collection":[{"href":"https:\/\/www.egemtv.com\/index.php?rest_route=\/wp\/v2\/posts"}],"about":[{"href":"https:\/\/www.egemtv.com\/index.php?rest_route=\/wp\/v2\/types\/post"}],"author":[{"embeddable":true,"href":"https:\/\/www.egemtv.com\/index.php?rest_route=\/wp\/v2\/users\/1"}],"replies":[{"embeddable":true,"href":"https:\/\/www.egemtv.com\/index.php?rest_route=%2Fwp%2Fv2%2Fcomments&post=24758"}],"version-history":[{"count":1,"href":"https:\/\/www.egemtv.com\/index.php?rest_route=\/wp\/v2\/posts\/24758\/revisions"}],"predecessor-version":[{"id":24760,"href":"https:\/\/www.egemtv.com\/index.php?rest_route=\/wp\/v2\/posts\/24758\/revisions\/24760"}],"wp:featuredmedia":[{"embeddable":true,"href":"https:\/\/www.egemtv.com\/index.php?rest_route=\/wp\/v2\/media\/24759"}],"wp:attachment":[{"href":"https:\/\/www.egemtv.com\/index.php?rest_route=%2Fwp%2Fv2%2Fmedia&parent=24758"}],"wp:term":[{"taxonomy":"category","embeddable":true,"href":"https:\/\/www.egemtv.com\/index.php?rest_route=%2Fwp%2Fv2%2Fcategories&post=24758"},{"taxonomy":"post_tag","embeddable":true,"href":"https:\/\/www.egemtv.com\/index.php?rest_route=%2Fwp%2Fv2%2Ftags&post=24758"}],"curies":[{"name":"wp","href":"https:\/\/api.w.org\/{rel}","templated":true}]}}