{"id":24755,"date":"2025-03-08T13:46:41","date_gmt":"2025-03-08T10:46:41","guid":{"rendered":"https:\/\/www.egemtv.com\/?p=24755"},"modified":"2025-03-08T13:46:46","modified_gmt":"2025-03-08T10:46:46","slug":"manisalilar-horozkoydeki-iftar-sofrasinda-bulustu","status":"publish","type":"post","link":"https:\/\/www.egemtv.com\/?p=24755","title":{"rendered":"Manisal\u0131lar Horozk\u00f6y\u2019deki iftar sofras\u0131nda bulu\u015ftu"},"content":{"rendered":"<p>Ramazan ay\u0131n\u0131n birlik ve beraberlik ruhunu ya\u015fatmak i\u00e7in Manisa B\u00fcy\u00fck\u015fehir Belediyesi ile Yunusemre Belediyesinin organizasyonunda Horozk\u00f6y Pazaryeri\u2019nde kurulan iftar sofras\u0131na Manisal\u0131lar yo\u011fun bir kat\u0131l\u0131m g\u00f6sterdi.<br \/>\n<br \/>\u0130ftar program\u0131na, Manisa B\u00fcy\u00fck\u015fehir Belediye Ba\u015fkan\u0131 Mimar Ferdi Zeyrek, Yunusemre Belediye Ba\u015fkan\u0131 Semih Balaban, CHP Yunusemre \u0130l\u00e7e Ba\u015fkan\u0131 Mehmet Arslan, B\u00fcy\u00fck\u015fehir Belediyesi genel sekreter yard\u0131mc\u0131lar\u0131, Yunusemre Belediyesi ba\u015fkan yard\u0131mc\u0131lar\u0131, meclis \u00fcyeleri, sivil toplum \u00f6rg\u00fctlerinin temsilcileri, mahalle muhtarlar\u0131 ile mahalle sakinleri kat\u0131ld\u0131. Dua ve Kur\u2019an-\u0131 Kerim tilaveti ile ba\u015flayan iftar program\u0131, semazen g\u00f6sterisi ve g\u00f6lge oyunuyla devam etti. \u0130ftar yeme\u011fi sonras\u0131 vatanda\u015flara seslenen Yunusemre Belediye Ba\u015fkan\u0131 Semih Balaban, &#8220;Manisa B\u00fcy\u00fck\u015fehir Belediye Ba\u015fkan\u0131m\u0131z Ferdi Zeyrek ile birlikte Horozk\u00f6y\u2019de iftar sofram\u0131zda vatanda\u015flar\u0131m\u0131zla bulu\u015ftuk. Ramazan ay\u0131 boyunca halk\u0131m\u0131zla iftar sofralar\u0131nda bir araya gelmeye devam edece\u011fiz&#8221; dedi.<br \/>\n<br \/>Birlik ve beraberlik i\u00e7inde ayn\u0131 sofrada bulu\u015fman\u0131n mutlulu\u011funu ya\u015fad\u0131klar\u0131n\u0131 ifade eden Manisa B\u00fcy\u00fck\u015fehir Belediye Ba\u015fkan\u0131 Mimar Ferdi Zeyrek ise &#8220;Ramazan ay\u0131n\u0131n ruhunu hep birlikte iftar sofralar\u0131m\u0131zda ya\u015famak, dayan\u0131\u015fmay\u0131 ve sevgiyi payla\u015fmak bizim i\u00e7in \u00e7ok k\u0131ymetli&#8221; ifadelerini kulland\u0131.<br \/>\n<br \/>\u0130ftar program\u0131n\u0131n ard\u0131ndan Ba\u015fkan Zeyrek ve Ba\u015fkan Balaban, mahalle sakinlerinin \u00e7ay davetini geri \u00e7evirmedi. Ba\u015fkanlar, vatanda\u015flara imar planlar\u0131, toplu ula\u015f\u0131m hizmetleri, k\u0131rsal hizmetler ve sosyal belediyecilik hizmetleriyle ilgili bilgiler aktard\u0131.<br \/><\/p>\n","protected":false},"excerpt":{"rendered":"<p>Ramazan ay\u0131n\u0131n birlik ve beraberlik ruhunu ya\u015fatmak i\u00e7in Manisa B\u00fcy\u00fck\u015fehir Belediyesi ile Yunusemre Belediyesinin organizasyonunda Horozk\u00f6y Pazaryeri\u2019nde kurulan iftar sofras\u0131na Manisal\u0131lar yo\u011fun bir kat\u0131l\u0131m g\u00f6sterdi. \u0130ftar program\u0131na, Manisa B\u00fcy\u00fck\u015fehir Belediye Ba\u015fkan\u0131 Mimar Ferdi Zeyrek, Yunusemre Belediye Ba\u015fkan\u0131 Semih Balaban, CHP Yunusemre \u0130l\u00e7e Ba\u015fkan\u0131 Mehmet Arslan, B\u00fcy\u00fck\u015fehir Belediyesi genel sekreter yard\u0131mc\u0131lar\u0131, Yunusemre Belediyesi ba\u015fkan yard\u0131mc\u0131lar\u0131, meclis&#8230;<\/p>\n","protected":false},"author":1,"featured_media":24756,"comment_status":"open","ping_status":"open","sticky":false,"template":"","format":"standard","meta":{"_crdt_document":"","footnotes":""},"categories":[123],"tags":[],"class_list":["post-24755","post","type-post","status-publish","format-standard","has-post-thumbnail","hentry","category-gundem"],"_links":{"self":[{"href":"https:\/\/www.egemtv.com\/index.php?rest_route=\/wp\/v2\/posts\/24755","targetHints":{"allow":["GET"]}}],"collection":[{"href":"https:\/\/www.egemtv.com\/index.php?rest_route=\/wp\/v2\/posts"}],"about":[{"href":"https:\/\/www.egemtv.com\/index.php?rest_route=\/wp\/v2\/types\/post"}],"author":[{"embeddable":true,"href":"https:\/\/www.egemtv.com\/index.php?rest_route=\/wp\/v2\/users\/1"}],"replies":[{"embeddable":true,"href":"https:\/\/www.egemtv.com\/index.php?rest_route=%2Fwp%2Fv2%2Fcomments&post=24755"}],"version-history":[{"count":1,"href":"https:\/\/www.egemtv.com\/index.php?rest_route=\/wp\/v2\/posts\/24755\/revisions"}],"predecessor-version":[{"id":24757,"href":"https:\/\/www.egemtv.com\/index.php?rest_route=\/wp\/v2\/posts\/24755\/revisions\/24757"}],"wp:featuredmedia":[{"embeddable":true,"href":"https:\/\/www.egemtv.com\/index.php?rest_route=\/wp\/v2\/media\/24756"}],"wp:attachment":[{"href":"https:\/\/www.egemtv.com\/index.php?rest_route=%2Fwp%2Fv2%2Fmedia&parent=24755"}],"wp:term":[{"taxonomy":"category","embeddable":true,"href":"https:\/\/www.egemtv.com\/index.php?rest_route=%2Fwp%2Fv2%2Fcategories&post=24755"},{"taxonomy":"post_tag","embeddable":true,"href":"https:\/\/www.egemtv.com\/index.php?rest_route=%2Fwp%2Fv2%2Ftags&post=24755"}],"curies":[{"name":"wp","href":"https:\/\/api.w.org\/{rel}","templated":true}]}}