{"id":24752,"date":"2025-03-08T13:46:37","date_gmt":"2025-03-08T10:46:37","guid":{"rendered":"https:\/\/www.egemtv.com\/?p=24752"},"modified":"2025-03-08T13:46:41","modified_gmt":"2025-03-08T10:46:41","slug":"aydinda-hava-sicakliklari-mevsim-normallerinde-seyredecek-2","status":"publish","type":"post","link":"https:\/\/www.egemtv.com\/?p=24752","title":{"rendered":"Ayd\u0131n\u2019da, hava s\u0131cakl\u0131klar\u0131 mevsim normallerinde seyredecek"},"content":{"rendered":"<p>T\u00fcrkiye\u2019nin en s\u0131cak illerinden olan Ayd\u0131n\u2019da, hava s\u0131cakl\u0131klar\u0131 mevsim normallerine d\u00f6nerken, en d\u00fc\u015f\u00fck hava s\u0131cakl\u0131\u011f\u0131 9 Mart Pazar g\u00fcn\u00fc 22 derece olacak.<\/p>\n<p>Meteoroloji B\u00f6lge M\u00fcd\u00fcrl\u00fc\u011f\u00fc taraf\u0131ndan yap\u0131lan a\u00e7\u0131klamaya g\u00f6re Ayd\u0131n\u2019da hava s\u0131cakl\u0131klar\u0131 yeni haftada mevsim normallerinde seyredecek. Hava s\u0131cakl\u0131klar\u0131n\u0131n il genelinde ak\u015fam saatlerinde 12 derecelere kadar d\u00fc\u015fece\u011fi tahmin ediliyor. Gece ve sabah saatlerinde yerel puslu ve sisli bir havan\u0131n hakim olaca\u011f\u0131 Ayd\u0131n\u2019da en d\u00fc\u015f\u00fck hava s\u0131cakl\u0131\u011f\u0131 da 9 Mart Pazar g\u00fcn\u00fc 22 derece olacak.<\/p>\n<p>Meteoroloji Genel M\u00fcd\u00fcrl\u00fc\u011f\u00fc taraf\u0131ndan yap\u0131lan son de\u011ferlendirmelere g\u00f6re Ayd\u0131n\u2019da 9 Mart Pazar g\u00fcn\u00fc hava s\u0131cakl\u0131\u011f\u0131 en d\u00fc\u015f\u00fck 9, en y\u00fcksek 22 derece olacak. 10 Mart Pazartesi g\u00fcn\u00fc hava s\u0131cakl\u0131\u011f\u0131 en d\u00fc\u015f\u00fck 8, en y\u00fcksek 23 derece olacak. 11 Mart Sal\u0131 g\u00fcn\u00fc hava s\u0131cakl\u0131\u011f\u0131 en d\u00fc\u015f\u00fck 9, en y\u00fcksek 24 derece olacak. 12 Mart \u00c7ar\u015famba g\u00fcn\u00fc hava s\u0131cakl\u0131\u011f\u0131 en d\u00fc\u015f\u00fck 10, en y\u00fcksek 26 derece olacak.<br \/><\/p>\n","protected":false},"excerpt":{"rendered":"<p>T\u00fcrkiye\u2019nin en s\u0131cak illerinden olan Ayd\u0131n\u2019da, hava s\u0131cakl\u0131klar\u0131 mevsim normallerine d\u00f6nerken, en d\u00fc\u015f\u00fck hava s\u0131cakl\u0131\u011f\u0131 9 Mart Pazar g\u00fcn\u00fc 22 derece olacak. Meteoroloji B\u00f6lge M\u00fcd\u00fcrl\u00fc\u011f\u00fc taraf\u0131ndan yap\u0131lan a\u00e7\u0131klamaya g\u00f6re Ayd\u0131n\u2019da hava s\u0131cakl\u0131klar\u0131 yeni haftada mevsim normallerinde seyredecek. Hava s\u0131cakl\u0131klar\u0131n\u0131n il genelinde ak\u015fam saatlerinde 12 derecelere kadar d\u00fc\u015fece\u011fi tahmin ediliyor. Gece ve sabah saatlerinde yerel puslu&#8230;<\/p>\n","protected":false},"author":1,"featured_media":24753,"comment_status":"open","ping_status":"open","sticky":false,"template":"","format":"standard","meta":{"_crdt_document":"","footnotes":""},"categories":[1],"tags":[],"class_list":["post-24752","post","type-post","status-publish","format-standard","has-post-thumbnail","hentry","category-guncel"],"_links":{"self":[{"href":"https:\/\/www.egemtv.com\/index.php?rest_route=\/wp\/v2\/posts\/24752","targetHints":{"allow":["GET"]}}],"collection":[{"href":"https:\/\/www.egemtv.com\/index.php?rest_route=\/wp\/v2\/posts"}],"about":[{"href":"https:\/\/www.egemtv.com\/index.php?rest_route=\/wp\/v2\/types\/post"}],"author":[{"embeddable":true,"href":"https:\/\/www.egemtv.com\/index.php?rest_route=\/wp\/v2\/users\/1"}],"replies":[{"embeddable":true,"href":"https:\/\/www.egemtv.com\/index.php?rest_route=%2Fwp%2Fv2%2Fcomments&post=24752"}],"version-history":[{"count":1,"href":"https:\/\/www.egemtv.com\/index.php?rest_route=\/wp\/v2\/posts\/24752\/revisions"}],"predecessor-version":[{"id":24754,"href":"https:\/\/www.egemtv.com\/index.php?rest_route=\/wp\/v2\/posts\/24752\/revisions\/24754"}],"wp:featuredmedia":[{"embeddable":true,"href":"https:\/\/www.egemtv.com\/index.php?rest_route=\/wp\/v2\/media\/24753"}],"wp:attachment":[{"href":"https:\/\/www.egemtv.com\/index.php?rest_route=%2Fwp%2Fv2%2Fmedia&parent=24752"}],"wp:term":[{"taxonomy":"category","embeddable":true,"href":"https:\/\/www.egemtv.com\/index.php?rest_route=%2Fwp%2Fv2%2Fcategories&post=24752"},{"taxonomy":"post_tag","embeddable":true,"href":"https:\/\/www.egemtv.com\/index.php?rest_route=%2Fwp%2Fv2%2Ftags&post=24752"}],"curies":[{"name":"wp","href":"https:\/\/api.w.org\/{rel}","templated":true}]}}