{"id":24746,"date":"2025-03-08T13:27:47","date_gmt":"2025-03-08T10:27:47","guid":{"rendered":"https:\/\/www.egemtv.com\/?p=24746"},"modified":"2025-03-08T13:27:51","modified_gmt":"2025-03-08T10:27:51","slug":"sultanhisarda-akil-ve-zeka-oyunlari-turnuvasi-sona-erdi","status":"publish","type":"post","link":"https:\/\/www.egemtv.com\/?p=24746","title":{"rendered":"Sultanhisar\u2019da Ak\u0131l ve Zeka Oyunlar\u0131 Turnuvas\u0131 sona erdi"},"content":{"rendered":"<p>Ayd\u0131n\u2019\u0131n Sultanhisar il\u00e7esinde d\u00fczenlenen Ak\u0131l ve Zeka Oyunlar\u0131 Turnuvas\u0131 sona ererken, turnuvada dereceye giren \u00f6\u011frencilerin \u00f6d\u00fcllerini Kaymakam Ali Ekber Ate\u015f verdi.<\/p>\n<p>\u0130l\u00e7e Milli e\u011fitim M\u00fcd\u00fcrl\u00fc\u011f\u00fc taraf\u0131ndan d\u00fczenlenen Ak\u0131l ve Zeka Oyunlar\u0131 Turnuvas\u0131 Sultanhisar\u2019da ger\u00e7ekle\u015ftirildi. Turnuva boyunca \u00f6\u011frenciler en iyi hamlelerini yaparak yar\u0131\u015fmada dereceye girmek i\u00e7in \u00e7aba sarf etti.<br \/>\n<br \/>Kaymakam Ali Ekber Ate\u015f, \u0130l\u00e7e Milli E\u011fitim M\u00fcd\u00fcrl\u00fc\u011f\u00fc\u2019n\u00fcn d\u00fczenledi\u011fi Ak\u0131l ve Zeka Oyunlar\u0131 \u0130l\u00e7e Turnuvas\u0131\u2019na kat\u0131ld\u0131. Turnuvada \u00f6\u011frencilere yak\u0131ndan ilgilenen Kaymakam Ate\u015f, dereceye giren \u00f6\u011frencilere \u00f6d\u00fclleri takdim etti. Kaymakam Ate\u015f, turnuvaya kat\u0131lan t\u00fcm \u00f6\u011frenci ve \u00f6\u011fretmenlere ve eme\u011fi ge\u00e7en herkese te\u015fekk\u00fcr etti.<br \/><\/p>\n","protected":false},"excerpt":{"rendered":"<p>Ayd\u0131n\u2019\u0131n Sultanhisar il\u00e7esinde d\u00fczenlenen Ak\u0131l ve Zeka Oyunlar\u0131 Turnuvas\u0131 sona ererken, turnuvada dereceye giren \u00f6\u011frencilerin \u00f6d\u00fcllerini Kaymakam Ali Ekber Ate\u015f verdi. \u0130l\u00e7e Milli e\u011fitim M\u00fcd\u00fcrl\u00fc\u011f\u00fc taraf\u0131ndan d\u00fczenlenen Ak\u0131l ve Zeka Oyunlar\u0131 Turnuvas\u0131 Sultanhisar\u2019da ger\u00e7ekle\u015ftirildi. Turnuva boyunca \u00f6\u011frenciler en iyi hamlelerini yaparak yar\u0131\u015fmada dereceye girmek i\u00e7in \u00e7aba sarf etti. Kaymakam Ali Ekber Ate\u015f, \u0130l\u00e7e Milli E\u011fitim&#8230;<\/p>\n","protected":false},"author":1,"featured_media":24747,"comment_status":"open","ping_status":"open","sticky":false,"template":"","format":"standard","meta":{"_crdt_document":"","footnotes":""},"categories":[1],"tags":[],"class_list":["post-24746","post","type-post","status-publish","format-standard","has-post-thumbnail","hentry","category-guncel"],"_links":{"self":[{"href":"https:\/\/www.egemtv.com\/index.php?rest_route=\/wp\/v2\/posts\/24746","targetHints":{"allow":["GET"]}}],"collection":[{"href":"https:\/\/www.egemtv.com\/index.php?rest_route=\/wp\/v2\/posts"}],"about":[{"href":"https:\/\/www.egemtv.com\/index.php?rest_route=\/wp\/v2\/types\/post"}],"author":[{"embeddable":true,"href":"https:\/\/www.egemtv.com\/index.php?rest_route=\/wp\/v2\/users\/1"}],"replies":[{"embeddable":true,"href":"https:\/\/www.egemtv.com\/index.php?rest_route=%2Fwp%2Fv2%2Fcomments&post=24746"}],"version-history":[{"count":1,"href":"https:\/\/www.egemtv.com\/index.php?rest_route=\/wp\/v2\/posts\/24746\/revisions"}],"predecessor-version":[{"id":24748,"href":"https:\/\/www.egemtv.com\/index.php?rest_route=\/wp\/v2\/posts\/24746\/revisions\/24748"}],"wp:featuredmedia":[{"embeddable":true,"href":"https:\/\/www.egemtv.com\/index.php?rest_route=\/wp\/v2\/media\/24747"}],"wp:attachment":[{"href":"https:\/\/www.egemtv.com\/index.php?rest_route=%2Fwp%2Fv2%2Fmedia&parent=24746"}],"wp:term":[{"taxonomy":"category","embeddable":true,"href":"https:\/\/www.egemtv.com\/index.php?rest_route=%2Fwp%2Fv2%2Fcategories&post=24746"},{"taxonomy":"post_tag","embeddable":true,"href":"https:\/\/www.egemtv.com\/index.php?rest_route=%2Fwp%2Fv2%2Ftags&post=24746"}],"curies":[{"name":"wp","href":"https:\/\/api.w.org\/{rel}","templated":true}]}}