{"id":24530,"date":"2025-03-07T15:07:03","date_gmt":"2025-03-07T12:07:03","guid":{"rendered":"https:\/\/www.egemtv.com\/?p=24530"},"modified":"2025-03-07T15:07:09","modified_gmt":"2025-03-07T12:07:09","slug":"nazilli-belediyesi-metruk-binalari-yikiyor","status":"publish","type":"post","link":"https:\/\/www.egemtv.com\/?p=24530","title":{"rendered":"Nazilli Belediyesi, metruk binalar\u0131 y\u0131k\u0131yor"},"content":{"rendered":"<p>Nazilli Belediyesi Fen \u0130\u015fleri M\u00fcd\u00fcrl\u00fc\u011f\u00fc ekipleri \u0130stiklal, Zafer ve Dumlup\u0131nar Mahallelerinde can ve mal g\u00fcvenli\u011fini tehdit eden 4 farkl\u0131 metruk binan\u0131n y\u0131k\u0131m\u0131n\u0131 ger\u00e7ekle\u015ftirerek b\u00f6lgenin temizli\u011fini yapt\u0131<br \/>\n<br \/>\u0130mar y\u00f6n\u00fcnden \u00f6mr\u00fcn\u00fc tamamlayan, g\u00f6r\u00fcnt\u00fc kirlili\u011finin yan\u0131 s\u0131ra can ve mal g\u00fcvenli\u011fini tehlikeye atan yap\u0131lar konusunda hassasiyetle \u00e7al\u0131\u015fan Nazilli Belediyesi ekipleri, metruk binalara y\u00f6nelik y\u0131k\u0131m \u00e7al\u0131\u015fmalar\u0131n\u0131 s\u00fcrd\u00fcr\u00fcyor.<br \/>\n<br \/>Son alarak \u0130stiklal, Zafer ve Dumlup\u0131nar\u2019da tespit edilen 4 farkl\u0131 metruk bina, b\u00f6lgede gerekli g\u00fcvenlik \u00f6nlemleri al\u0131narak y\u0131k\u0131ld\u0131. Y\u0131k\u0131m esnas\u0131nda mahalle sakinlerinin tozdan etkilenmemesi i\u00e7in sulama yap\u0131larak ekiplerin \u00e7al\u0131\u015fmalar\u0131na destek verildi.<br \/>\n<br \/>Metruk binalar konusunda, emniyet ve kurumlar ile ortak hareket edildi\u011fini ve mahalle muhtarlar\u0131 ile s\u0131k s\u0131k g\u00f6r\u00fc\u015f\u00fcld\u00fc\u011f\u00fcn\u00fc ifade eden Belediye Ba\u015fkan\u0131 Dr. Ertu\u011frul Tetik, &#8220;Kentsel d\u00f6n\u00fc\u015f\u00fcm noktas\u0131nda \u00f6mr\u00fcn\u00fc tamamlad\u0131\u011f\u0131 i\u00e7in genel g\u00f6r\u00fcnt\u00fcy\u00fc bozan, can g\u00fcvenli\u011fini tehlikeye atan yap\u0131lar\u0131 y\u0131kmaya devam ediyoruz. Bu alanlar bak\u0131ms\u0131z kald\u0131\u011f\u0131 i\u00e7in ayn\u0131 zamanda halk sa\u011fl\u0131\u011f\u0131n\u0131 da tehdit ediyor. Fen \u0130\u015fleri M\u00fcd\u00fcrl\u00fc\u011f\u00fcm\u00fcz bu konuda olduk\u00e7a hassas bir \u00e7al\u0131\u015fma y\u00fcr\u00fct\u00fcyor. T\u00fcm ekibime \u00e7al\u0131\u015fmalar\u0131ndan dolay\u0131 te\u015fekk\u00fcr ediyorum&#8221; dedi.<br \/><\/p>\n","protected":false},"excerpt":{"rendered":"<p>Nazilli Belediyesi Fen \u0130\u015fleri M\u00fcd\u00fcrl\u00fc\u011f\u00fc ekipleri \u0130stiklal, Zafer ve Dumlup\u0131nar Mahallelerinde can ve mal g\u00fcvenli\u011fini tehdit eden 4 farkl\u0131 metruk binan\u0131n y\u0131k\u0131m\u0131n\u0131 ger\u00e7ekle\u015ftirerek b\u00f6lgenin temizli\u011fini yapt\u0131 \u0130mar y\u00f6n\u00fcnden \u00f6mr\u00fcn\u00fc tamamlayan, g\u00f6r\u00fcnt\u00fc kirlili\u011finin yan\u0131 s\u0131ra can ve mal g\u00fcvenli\u011fini tehlikeye atan yap\u0131lar konusunda hassasiyetle \u00e7al\u0131\u015fan Nazilli Belediyesi ekipleri, metruk binalara y\u00f6nelik y\u0131k\u0131m \u00e7al\u0131\u015fmalar\u0131n\u0131 s\u00fcrd\u00fcr\u00fcyor. Son alarak&#8230;<\/p>\n","protected":false},"author":1,"featured_media":24531,"comment_status":"open","ping_status":"open","sticky":false,"template":"","format":"standard","meta":{"_crdt_document":"","footnotes":""},"categories":[1],"tags":[],"class_list":["post-24530","post","type-post","status-publish","format-standard","has-post-thumbnail","hentry","category-guncel"],"_links":{"self":[{"href":"https:\/\/www.egemtv.com\/index.php?rest_route=\/wp\/v2\/posts\/24530","targetHints":{"allow":["GET"]}}],"collection":[{"href":"https:\/\/www.egemtv.com\/index.php?rest_route=\/wp\/v2\/posts"}],"about":[{"href":"https:\/\/www.egemtv.com\/index.php?rest_route=\/wp\/v2\/types\/post"}],"author":[{"embeddable":true,"href":"https:\/\/www.egemtv.com\/index.php?rest_route=\/wp\/v2\/users\/1"}],"replies":[{"embeddable":true,"href":"https:\/\/www.egemtv.com\/index.php?rest_route=%2Fwp%2Fv2%2Fcomments&post=24530"}],"version-history":[{"count":1,"href":"https:\/\/www.egemtv.com\/index.php?rest_route=\/wp\/v2\/posts\/24530\/revisions"}],"predecessor-version":[{"id":24532,"href":"https:\/\/www.egemtv.com\/index.php?rest_route=\/wp\/v2\/posts\/24530\/revisions\/24532"}],"wp:featuredmedia":[{"embeddable":true,"href":"https:\/\/www.egemtv.com\/index.php?rest_route=\/wp\/v2\/media\/24531"}],"wp:attachment":[{"href":"https:\/\/www.egemtv.com\/index.php?rest_route=%2Fwp%2Fv2%2Fmedia&parent=24530"}],"wp:term":[{"taxonomy":"category","embeddable":true,"href":"https:\/\/www.egemtv.com\/index.php?rest_route=%2Fwp%2Fv2%2Fcategories&post=24530"},{"taxonomy":"post_tag","embeddable":true,"href":"https:\/\/www.egemtv.com\/index.php?rest_route=%2Fwp%2Fv2%2Ftags&post=24530"}],"curies":[{"name":"wp","href":"https:\/\/api.w.org\/{rel}","templated":true}]}}