{"id":24527,"date":"2025-03-07T14:46:58","date_gmt":"2025-03-07T11:46:58","guid":{"rendered":"https:\/\/www.egemtv.com\/?p=24527"},"modified":"2025-03-07T14:47:03","modified_gmt":"2025-03-07T11:47:03","slug":"mugla-buyuksehir-belediyesinin-okculari-a-milli-takima-secildi","status":"publish","type":"post","link":"https:\/\/www.egemtv.com\/?p=24527","title":{"rendered":"Mu\u011fla B\u00fcy\u00fck\u015fehir Belediyesi\u2019nin ok\u00e7ular\u0131 A Milli Tak\u0131m\u2019a se\u00e7ildi"},"content":{"rendered":"<p>Mu\u011fla B\u00fcy\u00fck\u015fehir Belediyesi Spor Kul\u00fcb\u00fc ok\u00e7ular\u0131 Hazal Burun ve Emircan Haney Antalya\u2019da ger\u00e7ekle\u015ftirilen Milli tak\u0131m se\u00e7melerinde ba\u015far\u0131l\u0131 olarak 2025 y\u0131l\u0131nda A Milli tak\u0131mda forma giymeye hak kazand\u0131.<\/p>\n<p>24 \u015eubat- 2 Mart 2025 tarihleri aras\u0131nda Antalya\u2019da ger\u00e7ekle\u015ftirilen 2025 Makaral\u0131 Yay Milli Tak\u0131m Se\u00e7me Yar\u0131\u015fmas\u0131\u2019nda Mu\u011fla B\u00fcy\u00fck\u015fehir Belediyesi Spor Kul\u00fcb\u00fc 5 sporcu ile kat\u0131ld\u0131. A Milli Tak\u0131m se\u00e7me yar\u0131\u015fmalar\u0131 6 g\u00fcn s\u00fcrd\u00fc ve 9 ayak \u00fczerinden ger\u00e7ekle\u015ftirildi. Se\u00e7me yar\u0131\u015fmalar\u0131nda ba\u015far\u0131l\u0131 sonu\u00e7lar alan Hazal Burun ve Emircan Haney A Milli Tak\u0131m\u2019da Mu\u011fla\u2019y\u0131 ve \u00fclkemizi temsil edecek.<\/p>\n<p>Mu\u011fla B\u00fcy\u00fck\u015fehir Belediyesi Spor Kul\u00fcb\u00fc\u2019n\u00fcn ba\u015far\u0131l\u0131 ok\u00e7ular\u0131 Antren\u00f6rleri Dr. Ejder S\u00f6zen \u00f6nc\u00fcl\u00fc\u011f\u00fcnde Mu\u011fla\u2019y\u0131 gururland\u0131rmaya devam ediyor. Antalya\u2019da d\u00fczenlenen A Milli Tak\u0131m se\u00e7melerinde Mu\u011fla B\u00fcy\u00fck\u015fehir Belediyesi Spor Kul\u00fcb\u00fc ok\u00e7ular\u0131ndan Hazal Burun \u00fcst \u00fcste \u00fc\u00e7\u00fcnc\u00fc kez, Emircan Haney\u2019de \u00fcst \u00fcste d\u00f6rd\u00fcnc\u00fc kez A Milli tak\u0131ma se\u00e7ilme ba\u015far\u0131s\u0131 g\u00f6sterdi. Ayr\u0131ca Mu\u011fla B\u00fcy\u00fck\u015fehir Belediyesi Spor Kul\u00fcb\u00fc ba\u015far\u0131l\u0131 ok\u00e7ular\u0131 yan\u0131 s\u0131ra Mu\u011fla\u2019da ok\u00e7uluk sporunun geli\u015fmesini sa\u011flayan antren\u00f6r\u00fc Dr. Ejder S\u00f6zen de en son yap\u0131lan Salon Avrupa \u015eampiyonas\u0131\u2019nda T\u00fcrkiye Ok\u00e7uluk Milli tak\u0131m\u0131nda g\u00f6rev ald\u0131.<\/p>\n<p>&#8220;Ba\u015far\u0131l\u0131 sporcular\u0131n yeti\u015fmesine \u00f6nc\u00fcl\u00fck etmeye devam edece\u011fiz&#8221;<br \/>\n<br \/>Uluslararas\u0131 ve ulusal turnuvalarda Mu\u011fla\u2019y\u0131 ve \u00fclkemizi ba\u015far\u0131yla temsil eden sporcular\u0131 ile gurur duyduklar\u0131n\u0131 belirten Mu\u011fla B\u00fcy\u00fck\u015fehir Belediye Ba\u015fkan\u0131 Ahmet Aras il genelinde spora, sporcuya destek vermeye devam edeceklerini belirtti. Ba\u015fkan Aras,&#8221;2025 y\u0131l\u0131 i\u00e7in A Milli Tak\u0131m\u2019a se\u00e7ilen ba\u015far\u0131l\u0131 ok\u00e7ular\u0131m\u0131z Hazal Burun, Emircan Haney\u2019i ve onlar\u0131n ba\u015far\u0131s\u0131nda b\u00fcy\u00fck eme\u011fi olan antren\u00f6r\u00fcm\u00fcz Ejder S\u00f6zen\u2019i kutluyorum. Mu\u011flam\u0131z\u0131 ve \u00fclkemizi kat\u0131lacaklar\u0131 turnuvalarda ba\u015far\u0131yla temsil edeceklerine y\u00fcrekten inan\u0131yorum. B\u00fcy\u00fck\u015fehir Belediyesi olarak spora, sporcuya deste\u011fimizi s\u00fcrd\u00fcrece\u011fiz. Ok\u00e7uluktan, masa tenisine, voleyboldan satranca bir\u00e7ok spor dal\u0131nda iddial\u0131y\u0131z. Spor yat\u0131r\u0131mlar\u0131na da devam ediyoruz. Yata\u011fan il\u00e7emizde \u00c7im hokeyi saha yap\u0131m\u0131nda sona geldik. T\u00fcm spor bran\u015flar\u0131na destek olmaya, ba\u015far\u0131l\u0131 sporcular\u0131n yeti\u015fmesine \u00f6nc\u00fcl\u00fck etmeye devam edece\u011fiz&#8221; dedi<br \/><\/p>\n","protected":false},"excerpt":{"rendered":"<p>Mu\u011fla B\u00fcy\u00fck\u015fehir Belediyesi Spor Kul\u00fcb\u00fc ok\u00e7ular\u0131 Hazal Burun ve Emircan Haney Antalya\u2019da ger\u00e7ekle\u015ftirilen Milli tak\u0131m se\u00e7melerinde ba\u015far\u0131l\u0131 olarak 2025 y\u0131l\u0131nda A Milli tak\u0131mda forma giymeye hak kazand\u0131. 24 \u015eubat- 2 Mart 2025 tarihleri aras\u0131nda Antalya\u2019da ger\u00e7ekle\u015ftirilen 2025 Makaral\u0131 Yay Milli Tak\u0131m Se\u00e7me Yar\u0131\u015fmas\u0131\u2019nda Mu\u011fla B\u00fcy\u00fck\u015fehir Belediyesi Spor Kul\u00fcb\u00fc 5 sporcu ile kat\u0131ld\u0131. A Milli Tak\u0131m&#8230;<\/p>\n","protected":false},"author":1,"featured_media":24528,"comment_status":"open","ping_status":"open","sticky":false,"template":"","format":"standard","meta":{"_crdt_document":"","footnotes":""},"categories":[4],"tags":[],"class_list":["post-24527","post","type-post","status-publish","format-standard","has-post-thumbnail","hentry","category-spor"],"_links":{"self":[{"href":"https:\/\/www.egemtv.com\/index.php?rest_route=\/wp\/v2\/posts\/24527","targetHints":{"allow":["GET"]}}],"collection":[{"href":"https:\/\/www.egemtv.com\/index.php?rest_route=\/wp\/v2\/posts"}],"about":[{"href":"https:\/\/www.egemtv.com\/index.php?rest_route=\/wp\/v2\/types\/post"}],"author":[{"embeddable":true,"href":"https:\/\/www.egemtv.com\/index.php?rest_route=\/wp\/v2\/users\/1"}],"replies":[{"embeddable":true,"href":"https:\/\/www.egemtv.com\/index.php?rest_route=%2Fwp%2Fv2%2Fcomments&post=24527"}],"version-history":[{"count":1,"href":"https:\/\/www.egemtv.com\/index.php?rest_route=\/wp\/v2\/posts\/24527\/revisions"}],"predecessor-version":[{"id":24529,"href":"https:\/\/www.egemtv.com\/index.php?rest_route=\/wp\/v2\/posts\/24527\/revisions\/24529"}],"wp:featuredmedia":[{"embeddable":true,"href":"https:\/\/www.egemtv.com\/index.php?rest_route=\/wp\/v2\/media\/24528"}],"wp:attachment":[{"href":"https:\/\/www.egemtv.com\/index.php?rest_route=%2Fwp%2Fv2%2Fmedia&parent=24527"}],"wp:term":[{"taxonomy":"category","embeddable":true,"href":"https:\/\/www.egemtv.com\/index.php?rest_route=%2Fwp%2Fv2%2Fcategories&post=24527"},{"taxonomy":"post_tag","embeddable":true,"href":"https:\/\/www.egemtv.com\/index.php?rest_route=%2Fwp%2Fv2%2Ftags&post=24527"}],"curies":[{"name":"wp","href":"https:\/\/api.w.org\/{rel}","templated":true}]}}