{"id":24524,"date":"2025-03-07T14:46:54","date_gmt":"2025-03-07T11:46:54","guid":{"rendered":"https:\/\/www.egemtv.com\/?p=24524"},"modified":"2025-03-07T14:46:58","modified_gmt":"2025-03-07T11:46:58","slug":"vali-yigitbasi-vatandaslara-iftar-yemegini-elleriyle-servis-etti","status":"publish","type":"post","link":"https:\/\/www.egemtv.com\/?p=24524","title":{"rendered":"Vali Yi\u011fitba\u015f\u0131 vatanda\u015flara iftar yeme\u011fini elleriyle servis etti"},"content":{"rendered":"<p>Afyonkarahisar Valisi Do\u00e7. Dr. K\u00fcbra G\u00fcran Yi\u011fitba\u015f\u0131, Vak\u0131flar B\u00f6lge M\u00fcd\u00fcrl\u00fc\u011f\u00fc taraf\u0131ndan verilen iftarda vatanda\u015flara yemek da\u011f\u0131tt\u0131.<br \/>\n<br \/>Vak\u0131flar B\u00f6lge M\u00fcd\u00fcrl\u00fc\u011f\u00fc ile Afyonkarahisar Valili\u011fi\u2019nin ortakl\u0131\u011f\u0131 ile kentin farkl\u0131 noktalar\u0131nda kurulan iftar \u00e7ad\u0131rlar\u0131nda vatanda\u015flara \u00fccretsiz iftar yeme\u011fi da\u011f\u0131t\u0131l\u0131yor. Da\u011f\u0131t\u0131m yerlerinin ba\u015f\u0131nda gelen Gedik Ahmet Pa\u015fa (\u0130maret) Camii\u2019nde ger\u00e7ekle\u015ftirilen yemek da\u011f\u0131t\u0131m\u0131na kat\u0131lan Vali Yi\u011fitba\u015f\u0131, vatanda\u015flara yemek ikram\u0131n\u0131 elleriyle yapt\u0131. Etkinli\u011fin ard\u0131ndan valili\u011fin sosyal medya hesab\u0131ndan yap\u0131lan a\u00e7\u0131klamada ise &#8220;Birlik ve beraberli\u011fimizin simgesi olan iftar sofralar\u0131nda, vatanda\u015flar\u0131m\u0131zla bir araya geldik. M\u00fcbarek Ramazan ay\u0131n\u0131n manevi havas\u0131n\u0131 soludu\u011fumuz bu g\u00fczel ak\u015famda, bir arada olman\u0131n, payla\u015fman\u0131n ve dayan\u0131\u015fman\u0131n de\u011ferini bir kez daha idrak ettik.<br \/>\n<br \/>Rabbim, dualar\u0131m\u0131z\u0131 kabul eylesin, sofralar\u0131m\u0131z bereketli, g\u00f6n\u00fcllerimiz huzurlu olsun&#8221; ifadelerine yer verildi.<br \/><\/p>\n","protected":false},"excerpt":{"rendered":"<p>Afyonkarahisar Valisi Do\u00e7. Dr. K\u00fcbra G\u00fcran Yi\u011fitba\u015f\u0131, Vak\u0131flar B\u00f6lge M\u00fcd\u00fcrl\u00fc\u011f\u00fc taraf\u0131ndan verilen iftarda vatanda\u015flara yemek da\u011f\u0131tt\u0131. Vak\u0131flar B\u00f6lge M\u00fcd\u00fcrl\u00fc\u011f\u00fc ile Afyonkarahisar Valili\u011fi\u2019nin ortakl\u0131\u011f\u0131 ile kentin farkl\u0131 noktalar\u0131nda kurulan iftar \u00e7ad\u0131rlar\u0131nda vatanda\u015flara \u00fccretsiz iftar yeme\u011fi da\u011f\u0131t\u0131l\u0131yor. Da\u011f\u0131t\u0131m yerlerinin ba\u015f\u0131nda gelen Gedik Ahmet Pa\u015fa (\u0130maret) Camii\u2019nde ger\u00e7ekle\u015ftirilen yemek da\u011f\u0131t\u0131m\u0131na kat\u0131lan Vali Yi\u011fitba\u015f\u0131, vatanda\u015flara yemek ikram\u0131n\u0131 elleriyle yapt\u0131&#8230;.<\/p>\n","protected":false},"author":1,"featured_media":24525,"comment_status":"open","ping_status":"open","sticky":false,"template":"","format":"standard","meta":{"_crdt_document":"","footnotes":""},"categories":[1],"tags":[],"class_list":["post-24524","post","type-post","status-publish","format-standard","has-post-thumbnail","hentry","category-guncel"],"_links":{"self":[{"href":"https:\/\/www.egemtv.com\/index.php?rest_route=\/wp\/v2\/posts\/24524","targetHints":{"allow":["GET"]}}],"collection":[{"href":"https:\/\/www.egemtv.com\/index.php?rest_route=\/wp\/v2\/posts"}],"about":[{"href":"https:\/\/www.egemtv.com\/index.php?rest_route=\/wp\/v2\/types\/post"}],"author":[{"embeddable":true,"href":"https:\/\/www.egemtv.com\/index.php?rest_route=\/wp\/v2\/users\/1"}],"replies":[{"embeddable":true,"href":"https:\/\/www.egemtv.com\/index.php?rest_route=%2Fwp%2Fv2%2Fcomments&post=24524"}],"version-history":[{"count":1,"href":"https:\/\/www.egemtv.com\/index.php?rest_route=\/wp\/v2\/posts\/24524\/revisions"}],"predecessor-version":[{"id":24526,"href":"https:\/\/www.egemtv.com\/index.php?rest_route=\/wp\/v2\/posts\/24524\/revisions\/24526"}],"wp:featuredmedia":[{"embeddable":true,"href":"https:\/\/www.egemtv.com\/index.php?rest_route=\/wp\/v2\/media\/24525"}],"wp:attachment":[{"href":"https:\/\/www.egemtv.com\/index.php?rest_route=%2Fwp%2Fv2%2Fmedia&parent=24524"}],"wp:term":[{"taxonomy":"category","embeddable":true,"href":"https:\/\/www.egemtv.com\/index.php?rest_route=%2Fwp%2Fv2%2Fcategories&post=24524"},{"taxonomy":"post_tag","embeddable":true,"href":"https:\/\/www.egemtv.com\/index.php?rest_route=%2Fwp%2Fv2%2Ftags&post=24524"}],"curies":[{"name":"wp","href":"https:\/\/api.w.org\/{rel}","templated":true}]}}