{"id":24521,"date":"2025-03-07T14:46:53","date_gmt":"2025-03-07T11:46:53","guid":{"rendered":"https:\/\/www.egemtv.com\/?p=24521"},"modified":"2025-03-07T14:46:54","modified_gmt":"2025-03-07T11:46:54","slug":"uyusturucu-ticaretinden-hukum-giyen-kadin-yakalandi","status":"publish","type":"post","link":"https:\/\/www.egemtv.com\/?p=24521","title":{"rendered":"Uyu\u015fturucu ticaretinden h\u00fck\u00fcm giyen kad\u0131n yakaland\u0131"},"content":{"rendered":"<p>Manisa\u2019n\u0131n Akhisar il\u00e7esinde hakk\u0131nda uyu\u015fturucu madde ticareti ve h\u0131rs\u0131zl\u0131k su\u00e7lar\u0131ndan kesinle\u015fmi\u015f 39 y\u0131l 7 ay hapis cezas\u0131 bulunan 32 ya\u015f\u0131ndaki kad\u0131n, Akhisar \u0130l\u00e7e Emniyet M\u00fcd\u00fcrl\u00fc\u011f\u00fc ekipleri taraf\u0131ndan yakaland\u0131.<br \/>\n<br \/>Akhisar \u0130l\u00e7e Emniyet M\u00fcd\u00fcrl\u00fc\u011f\u00fc ekipleri, Cumhuriyet Ba\u015fsavc\u0131l\u0131\u011f\u0131 koordinesinde y\u00fcr\u00fct\u00fclen operasyon kapsam\u0131nda hakk\u0131nda kesinle\u015fmi\u015f hapis cezas\u0131 bulunan bir h\u00fck\u00fcml\u00fcy\u00fc yakalad\u0131. Ger\u00e7ekle\u015ftirilen operasyonda, uyu\u015fturucu madde ticareti ve h\u0131rs\u0131zl\u0131k su\u00e7lar\u0131ndan hakk\u0131nda 39 y\u0131l 7 ay 4 g\u00fcn kesinle\u015fmi\u015f hapis cezas\u0131 bulunan 32 ya\u015f\u0131ndaki N.C.S. isimli kad\u0131n g\u00f6zalt\u0131na al\u0131nd\u0131. N.C.S. isimli h\u00fck\u00fcml\u00fc emniyetteki i\u015flemlerinin tamamlanmas\u0131n\u0131n ard\u0131ndan Akhisar Cezaevi\u2019ne teslim edildi.<br \/><\/p>\n","protected":false},"excerpt":{"rendered":"<p>Manisa\u2019n\u0131n Akhisar il\u00e7esinde hakk\u0131nda uyu\u015fturucu madde ticareti ve h\u0131rs\u0131zl\u0131k su\u00e7lar\u0131ndan kesinle\u015fmi\u015f 39 y\u0131l 7 ay hapis cezas\u0131 bulunan 32 ya\u015f\u0131ndaki kad\u0131n, Akhisar \u0130l\u00e7e Emniyet M\u00fcd\u00fcrl\u00fc\u011f\u00fc ekipleri taraf\u0131ndan yakaland\u0131. Akhisar \u0130l\u00e7e Emniyet M\u00fcd\u00fcrl\u00fc\u011f\u00fc ekipleri, Cumhuriyet Ba\u015fsavc\u0131l\u0131\u011f\u0131 koordinesinde y\u00fcr\u00fct\u00fclen operasyon kapsam\u0131nda hakk\u0131nda kesinle\u015fmi\u015f hapis cezas\u0131 bulunan bir h\u00fck\u00fcml\u00fcy\u00fc yakalad\u0131. Ger\u00e7ekle\u015ftirilen operasyonda, uyu\u015fturucu madde ticareti ve h\u0131rs\u0131zl\u0131k su\u00e7lar\u0131ndan&#8230;<\/p>\n","protected":false},"author":1,"featured_media":24522,"comment_status":"open","ping_status":"open","sticky":false,"template":"","format":"standard","meta":{"_crdt_document":"","footnotes":""},"categories":[5],"tags":[],"class_list":["post-24521","post","type-post","status-publish","format-standard","has-post-thumbnail","hentry","category-asayis"],"_links":{"self":[{"href":"https:\/\/www.egemtv.com\/index.php?rest_route=\/wp\/v2\/posts\/24521","targetHints":{"allow":["GET"]}}],"collection":[{"href":"https:\/\/www.egemtv.com\/index.php?rest_route=\/wp\/v2\/posts"}],"about":[{"href":"https:\/\/www.egemtv.com\/index.php?rest_route=\/wp\/v2\/types\/post"}],"author":[{"embeddable":true,"href":"https:\/\/www.egemtv.com\/index.php?rest_route=\/wp\/v2\/users\/1"}],"replies":[{"embeddable":true,"href":"https:\/\/www.egemtv.com\/index.php?rest_route=%2Fwp%2Fv2%2Fcomments&post=24521"}],"version-history":[{"count":1,"href":"https:\/\/www.egemtv.com\/index.php?rest_route=\/wp\/v2\/posts\/24521\/revisions"}],"predecessor-version":[{"id":24523,"href":"https:\/\/www.egemtv.com\/index.php?rest_route=\/wp\/v2\/posts\/24521\/revisions\/24523"}],"wp:featuredmedia":[{"embeddable":true,"href":"https:\/\/www.egemtv.com\/index.php?rest_route=\/wp\/v2\/media\/24522"}],"wp:attachment":[{"href":"https:\/\/www.egemtv.com\/index.php?rest_route=%2Fwp%2Fv2%2Fmedia&parent=24521"}],"wp:term":[{"taxonomy":"category","embeddable":true,"href":"https:\/\/www.egemtv.com\/index.php?rest_route=%2Fwp%2Fv2%2Fcategories&post=24521"},{"taxonomy":"post_tag","embeddable":true,"href":"https:\/\/www.egemtv.com\/index.php?rest_route=%2Fwp%2Fv2%2Ftags&post=24521"}],"curies":[{"name":"wp","href":"https:\/\/api.w.org\/{rel}","templated":true}]}}