{"id":2452,"date":"2025-01-03T15:40:56","date_gmt":"2025-01-03T12:40:56","guid":{"rendered":"https:\/\/www.egemtv.com\/?p=2452"},"modified":"2025-01-03T15:40:58","modified_gmt":"2025-01-03T12:40:58","slug":"kom-ekipleri-tarihi-eserlere-sahip-cikti","status":"publish","type":"post","link":"https:\/\/www.egemtv.com\/?p=2452","title":{"rendered":"KOM ekipleri tarihi eserlere sahip \u00e7\u0131kt\u0131"},"content":{"rendered":"<p>Ka\u00e7ak\u00e7\u0131l\u0131k ve organize Su\u00e7larla M\u00fccadele \u015eube M\u00fcd\u00fcrl\u00fc\u011f\u00fc (KOM) ekipleri Efeler \u0130mamk\u00f6y Mahallesi\u2019ndeki tarihi eserlere sahip \u00e7\u0131kt\u0131.<br \/>\n<br \/>KOM \u015eube M\u00fcd\u00fcrl\u00fc\u011f\u00fc taraf\u0131ndan k\u00fclt\u00fcr ve tabiat varl\u0131klar\u0131n\u0131 koruma kanunu kapsam\u0131nda \u00e7al\u0131\u015fma ba\u015flat\u0131ld\u0131. Yap\u0131lan \u00e7al\u0131\u015fmada \u0130mamk\u00f6y Mahallesi 3688 sokak \u00fczerinde faaliyet g\u00f6steren bir k\u0131raathanenin \u00f6n\u00fcnde bulunan alanda yer alan \u00e7e\u015fitli d\u00f6nemlere ait 20 adet mimari par\u00e7a \u015eube M\u00fcd\u00fcrl\u00fc\u011f\u00fc taraf\u0131ndan tespit edilerek kay\u0131t alt\u0131na al\u0131narak, korunmas\u0131 amac\u0131yla al\u0131nan talimat\u0131na istinaden M\u00fcze M\u00fcd\u00fcrl\u00fc\u011f\u00fc yetkililerine teslim edildi.<br \/>\n<br \/><div id='gallery-1' class='gallery galleryid-2452 gallery-columns-3 gallery-size-thumbnail'><figure class='gallery-item'>\n\t\t\t<div class='gallery-icon landscape'>\n\t\t\t\t<a href='https:\/\/www.egemtv.com\/?attachment_id=2453'><img decoding=\"async\" width=\"150\" height=\"150\" src=\"https:\/\/www.egemtv.com\/wp-content\/uploads\/2025\/01\/kom-ekipleri-tarihi-eserlere-sahip-cikti_e91ced663a1c-150x150.jpg\" class=\"attachment-thumbnail size-thumbnail not-transparent\" alt=\"\" data-has-transparency=\"false\" data-dominant-color=\"7f7b75\" style=\"--dominant-color: #7f7b75;\" \/><\/a>\n\t\t\t<\/div><\/figure>\n\t\t<\/div>\n<\/p>\n","protected":false},"excerpt":{"rendered":"<p>Ka\u00e7ak\u00e7\u0131l\u0131k ve organize Su\u00e7larla M\u00fccadele \u015eube M\u00fcd\u00fcrl\u00fc\u011f\u00fc (KOM) ekipleri Efeler \u0130mamk\u00f6y Mahallesi\u2019ndeki tarihi eserlere sahip \u00e7\u0131kt\u0131. KOM \u015eube M\u00fcd\u00fcrl\u00fc\u011f\u00fc taraf\u0131ndan k\u00fclt\u00fcr ve tabiat varl\u0131klar\u0131n\u0131 koruma kanunu kapsam\u0131nda \u00e7al\u0131\u015fma ba\u015flat\u0131ld\u0131. Yap\u0131lan \u00e7al\u0131\u015fmada \u0130mamk\u00f6y Mahallesi 3688 sokak \u00fczerinde faaliyet g\u00f6steren bir k\u0131raathanenin \u00f6n\u00fcnde bulunan alanda yer alan \u00e7e\u015fitli d\u00f6nemlere ait 20 adet mimari par\u00e7a \u015eube M\u00fcd\u00fcrl\u00fc\u011f\u00fc taraf\u0131ndan&#8230;<\/p>\n","protected":false},"author":1,"featured_media":2453,"comment_status":"open","ping_status":"open","sticky":false,"template":"","format":"standard","meta":{"_crdt_document":"","footnotes":""},"categories":[5],"tags":[],"class_list":["post-2452","post","type-post","status-publish","format-standard","has-post-thumbnail","hentry","category-asayis"],"_links":{"self":[{"href":"https:\/\/www.egemtv.com\/index.php?rest_route=\/wp\/v2\/posts\/2452","targetHints":{"allow":["GET"]}}],"collection":[{"href":"https:\/\/www.egemtv.com\/index.php?rest_route=\/wp\/v2\/posts"}],"about":[{"href":"https:\/\/www.egemtv.com\/index.php?rest_route=\/wp\/v2\/types\/post"}],"author":[{"embeddable":true,"href":"https:\/\/www.egemtv.com\/index.php?rest_route=\/wp\/v2\/users\/1"}],"replies":[{"embeddable":true,"href":"https:\/\/www.egemtv.com\/index.php?rest_route=%2Fwp%2Fv2%2Fcomments&post=2452"}],"version-history":[{"count":1,"href":"https:\/\/www.egemtv.com\/index.php?rest_route=\/wp\/v2\/posts\/2452\/revisions"}],"predecessor-version":[{"id":2454,"href":"https:\/\/www.egemtv.com\/index.php?rest_route=\/wp\/v2\/posts\/2452\/revisions\/2454"}],"wp:featuredmedia":[{"embeddable":true,"href":"https:\/\/www.egemtv.com\/index.php?rest_route=\/wp\/v2\/media\/2453"}],"wp:attachment":[{"href":"https:\/\/www.egemtv.com\/index.php?rest_route=%2Fwp%2Fv2%2Fmedia&parent=2452"}],"wp:term":[{"taxonomy":"category","embeddable":true,"href":"https:\/\/www.egemtv.com\/index.php?rest_route=%2Fwp%2Fv2%2Fcategories&post=2452"},{"taxonomy":"post_tag","embeddable":true,"href":"https:\/\/www.egemtv.com\/index.php?rest_route=%2Fwp%2Fv2%2Ftags&post=2452"}],"curies":[{"name":"wp","href":"https:\/\/api.w.org\/{rel}","templated":true}]}}