{"id":24518,"date":"2025-03-07T14:46:49","date_gmt":"2025-03-07T11:46:49","guid":{"rendered":"https:\/\/www.egemtv.com\/?p=24518"},"modified":"2025-03-07T14:46:53","modified_gmt":"2025-03-07T11:46:53","slug":"akarca-sahil-yolu-projesinde-sona-gelindi","status":"publish","type":"post","link":"https:\/\/www.egemtv.com\/?p=24518","title":{"rendered":"Akarca Sahil Yolu projesinde sona gelindi"},"content":{"rendered":"<p>Seferihisar Belediyesinin Akarca Mahallesi\u2019nde bulunan Bal\u0131k\u00e7\u0131 Bar\u0131na\u011f\u0131 b\u00f6lgesinde ger\u00e7ekle\u015ftirdi\u011fi &#8220;Sahil Yolu&#8221; projesi ile ilgili \u00e7al\u0131\u015fmalar s\u00fcr\u00fcyor.<br \/>\n<br \/>Her y\u0131l on binlerce turist a\u011f\u0131rlayan Seferihisar\u2019da yaz sezonu haz\u0131rl\u0131klar\u0131 ba\u015flad\u0131. Akarca Sahil Yolu projesinde de sona gelindi. Seferihisar Belediyesi Fen \u0130\u015fleri M\u00fcd\u00fcrl\u00fc\u011f\u00fc ekiplerince ger\u00e7ekle\u015ftirilen \u00e7al\u0131\u015fmalar kapsam\u0131nda, Akarca sahil yolunda bin 500 metrekare kilit parke ta\u015f d\u00f6\u015feme, dolgu \u00e7al\u0131\u015fmas\u0131, ayd\u0131nlatma \u0131\u015f\u0131klar\u0131n\u0131n yenilenmesi, 10 adet bank ve kald\u0131r\u0131m d\u00fczenlemeleri yap\u0131ld\u0131.<br \/>\n<br \/>Belediye Ba\u015fkan\u0131 \u0130smail Yeti\u015fkin, &#8220;2025 senesinin hizmet y\u0131l\u0131 olaca\u011f\u0131n\u0131 s\u00f6ylemi\u015ftik. Akarcal\u0131 hem\u015ferilerimizin talepleri do\u011frultusunda ger\u00e7ekle\u015ftirdi\u011fimiz sahil yolu Akarca sakinlerinin aileleriyle birlikte y\u00fcr\u00fcy\u00fc\u015f yapabilece\u011fi, keyifle vakit ge\u00e7irebilece\u011fi bir alan oldu. Hem\u015ferilerimizden ald\u0131\u011f\u0131m\u0131z motivasyonla y\u0131lmadan \u00e7al\u0131\u015f\u0131yor, il\u00e7emizi hep birlikte g\u00fczelle\u015ftirmeye devam ediyoruz&#8221; dedi.<br \/><\/p>\n","protected":false},"excerpt":{"rendered":"<p>Seferihisar Belediyesinin Akarca Mahallesi\u2019nde bulunan Bal\u0131k\u00e7\u0131 Bar\u0131na\u011f\u0131 b\u00f6lgesinde ger\u00e7ekle\u015ftirdi\u011fi &#8220;Sahil Yolu&#8221; projesi ile ilgili \u00e7al\u0131\u015fmalar s\u00fcr\u00fcyor. Her y\u0131l on binlerce turist a\u011f\u0131rlayan Seferihisar\u2019da yaz sezonu haz\u0131rl\u0131klar\u0131 ba\u015flad\u0131. Akarca Sahil Yolu projesinde de sona gelindi. Seferihisar Belediyesi Fen \u0130\u015fleri M\u00fcd\u00fcrl\u00fc\u011f\u00fc ekiplerince ger\u00e7ekle\u015ftirilen \u00e7al\u0131\u015fmalar kapsam\u0131nda, Akarca sahil yolunda bin 500 metrekare kilit parke ta\u015f d\u00f6\u015feme, dolgu \u00e7al\u0131\u015fmas\u0131,&#8230;<\/p>\n","protected":false},"author":1,"featured_media":24519,"comment_status":"open","ping_status":"open","sticky":false,"template":"","format":"standard","meta":{"_crdt_document":"","footnotes":""},"categories":[1],"tags":[],"class_list":["post-24518","post","type-post","status-publish","format-standard","has-post-thumbnail","hentry","category-guncel"],"_links":{"self":[{"href":"https:\/\/www.egemtv.com\/index.php?rest_route=\/wp\/v2\/posts\/24518","targetHints":{"allow":["GET"]}}],"collection":[{"href":"https:\/\/www.egemtv.com\/index.php?rest_route=\/wp\/v2\/posts"}],"about":[{"href":"https:\/\/www.egemtv.com\/index.php?rest_route=\/wp\/v2\/types\/post"}],"author":[{"embeddable":true,"href":"https:\/\/www.egemtv.com\/index.php?rest_route=\/wp\/v2\/users\/1"}],"replies":[{"embeddable":true,"href":"https:\/\/www.egemtv.com\/index.php?rest_route=%2Fwp%2Fv2%2Fcomments&post=24518"}],"version-history":[{"count":1,"href":"https:\/\/www.egemtv.com\/index.php?rest_route=\/wp\/v2\/posts\/24518\/revisions"}],"predecessor-version":[{"id":24520,"href":"https:\/\/www.egemtv.com\/index.php?rest_route=\/wp\/v2\/posts\/24518\/revisions\/24520"}],"wp:featuredmedia":[{"embeddable":true,"href":"https:\/\/www.egemtv.com\/index.php?rest_route=\/wp\/v2\/media\/24519"}],"wp:attachment":[{"href":"https:\/\/www.egemtv.com\/index.php?rest_route=%2Fwp%2Fv2%2Fmedia&parent=24518"}],"wp:term":[{"taxonomy":"category","embeddable":true,"href":"https:\/\/www.egemtv.com\/index.php?rest_route=%2Fwp%2Fv2%2Fcategories&post=24518"},{"taxonomy":"post_tag","embeddable":true,"href":"https:\/\/www.egemtv.com\/index.php?rest_route=%2Fwp%2Fv2%2Ftags&post=24518"}],"curies":[{"name":"wp","href":"https:\/\/api.w.org\/{rel}","templated":true}]}}