{"id":24515,"date":"2025-03-07T14:30:41","date_gmt":"2025-03-07T11:30:41","guid":{"rendered":"https:\/\/www.egemtv.com\/?p=24515"},"modified":"2025-03-07T14:30:46","modified_gmt":"2025-03-07T11:30:46","slug":"yesilayin-somadaki-ilk-temsilcisi-atandi","status":"publish","type":"post","link":"https:\/\/www.egemtv.com\/?p=24515","title":{"rendered":"Ye\u015filay\u2019\u0131n Soma\u2019daki ilk temsilcisi atand\u0131"},"content":{"rendered":"<p>Ye\u015filay, Soma\u2019daki ilk temsilcisi olarak Avukat ve Arabulucu S\u00fcmeyra Kara Ba\u015f\u2019\u0131 atad\u0131. Uzun y\u0131llard\u0131r farkl\u0131 sivil toplum kurulu\u015flar\u0131nda g\u00f6rev alan Ba\u015f, Ye\u015filay Manisa \u015eubesine ba\u011fl\u0131 olarak Soma\u2019da ba\u011f\u0131ml\u0131l\u0131kla m\u00fccadele i\u00e7in aktif \u00e7al\u0131\u015fmalar y\u00fcr\u00fcteceklerini belirtti.<br \/>\n<br \/>S\u00fcmeyra Kara Ba\u015f, yapt\u0131\u011f\u0131 a\u00e7\u0131klamada, &#8220;Ye\u015filay ile il\u00e7emizde ba\u011f\u0131ml\u0131l\u0131\u011fa kar\u015f\u0131 aktif bir m\u00fccadele ba\u015flataca\u011f\u0131z. T\u00fct\u00fcn, alkol, madde ba\u011f\u0131ml\u0131l\u0131\u011f\u0131, kumar, internet ve teknoloji ba\u011f\u0131ml\u0131l\u0131\u011f\u0131 gibi toplumu ve gen\u00e7li\u011fi tehdit eden zararl\u0131 al\u0131\u015fkanl\u0131klarla kararl\u0131l\u0131kla m\u00fccadele edece\u011fiz. T\u00fcm vatanda\u015flar\u0131m\u0131z\u0131 Ye\u015filay g\u00f6n\u00fcll\u00fcs\u00fc olmaya davet ediyoruz&#8221; dedi.<br \/>\n<br \/>Resmi ismiyle T\u00fcrkiye Ye\u015filay Cemiyeti\u2019nin 1920 y\u0131l\u0131nda kuruldu\u011funu ve d\u00fcnyan\u0131n \u00f6nde gelen sivil toplum kurulu\u015flar\u0131ndan birisi oldu\u011funu kaydeden Ba\u015f, &#8220;Toplumu ba\u011f\u0131ml\u0131l\u0131klardan korumak ve bilin\u00e7lendirmek i\u00e7in yapt\u0131\u011f\u0131 \u00e7al\u0131\u015fmalarla 1934 y\u0131l\u0131ndan bu yana \u2019Kamuya Yararl\u0131 Cemiyetler\u2019 aras\u0131nda yer almaktad\u0131r. Ye\u015filay, sigara, alkol, madde ba\u011f\u0131ml\u0131l\u0131\u011f\u0131 gibi fiziksel ve ruhsal sa\u011fl\u0131\u011f\u0131 tehdit eden al\u0131\u015fkanl\u0131klar\u0131n yan\u0131 s\u0131ra, kumar, internet ve teknoloji ba\u011f\u0131ml\u0131l\u0131\u011f\u0131 gibi \u00e7a\u011f\u0131n yeni tehditleriyle de m\u00fccadele etmektedir. T\u00fcrkiye\u2019de 120, d\u00fcnya genelinde ise 97 Ye\u015filay \u015fubesi bulunmaktad\u0131r. 2015 y\u0131l\u0131nda kurulan Ye\u015filay Dan\u0131\u015fmanl\u0131k Merkezleri (YEDAM) arac\u0131l\u0131\u011f\u0131yla ba\u011f\u0131ml\u0131 bireylere ve yak\u0131nlar\u0131na \u00fccretsiz psikososyal destek hizmeti sunulmaktad\u0131r. T\u00fcrkiye\u2019nin 81 ilinde ve Kuzey K\u0131br\u0131s T\u00fcrk Cumhuriyeti\u2019nde toplam 107 YEDAM merkezine, 115 Dan\u0131\u015fma Hatt\u0131 \u00fczerinden ula\u015fmak m\u00fcmk\u00fcn. Her y\u0131l 1-7 Mart tarihlerinde kutlanan Ye\u015filay Haftas\u0131 kapsam\u0131nda \u00fclke genelinde d\u00fczenlenen etkinliklerle ba\u011f\u0131ml\u0131l\u0131kla m\u00fccadeleye dikkat \u00e7ekiyoruz. Ye\u015filay\u2019\u0131n Soma\u2019daki temsilcili\u011fi ile bu m\u00fccadeleye yerel d\u00fczeyde de g\u00fc\u00e7 katmay\u0131 hedefliyoruz.&#8221; \u015feklinde konu\u015ftu.<br \/><\/p>\n","protected":false},"excerpt":{"rendered":"<p>Ye\u015filay, Soma\u2019daki ilk temsilcisi olarak Avukat ve Arabulucu S\u00fcmeyra Kara Ba\u015f\u2019\u0131 atad\u0131. Uzun y\u0131llard\u0131r farkl\u0131 sivil toplum kurulu\u015flar\u0131nda g\u00f6rev alan Ba\u015f, Ye\u015filay Manisa \u015eubesine ba\u011fl\u0131 olarak Soma\u2019da ba\u011f\u0131ml\u0131l\u0131kla m\u00fccadele i\u00e7in aktif \u00e7al\u0131\u015fmalar y\u00fcr\u00fcteceklerini belirtti. S\u00fcmeyra Kara Ba\u015f, yapt\u0131\u011f\u0131 a\u00e7\u0131klamada, &#8220;Ye\u015filay ile il\u00e7emizde ba\u011f\u0131ml\u0131l\u0131\u011fa kar\u015f\u0131 aktif bir m\u00fccadele ba\u015flataca\u011f\u0131z. T\u00fct\u00fcn, alkol, madde ba\u011f\u0131ml\u0131l\u0131\u011f\u0131, kumar, internet ve&#8230;<\/p>\n","protected":false},"author":1,"featured_media":24516,"comment_status":"open","ping_status":"open","sticky":false,"template":"","format":"standard","meta":{"_crdt_document":"","footnotes":""},"categories":[2],"tags":[],"class_list":["post-24515","post","type-post","status-publish","format-standard","has-post-thumbnail","hentry","category-saglik"],"_links":{"self":[{"href":"https:\/\/www.egemtv.com\/index.php?rest_route=\/wp\/v2\/posts\/24515","targetHints":{"allow":["GET"]}}],"collection":[{"href":"https:\/\/www.egemtv.com\/index.php?rest_route=\/wp\/v2\/posts"}],"about":[{"href":"https:\/\/www.egemtv.com\/index.php?rest_route=\/wp\/v2\/types\/post"}],"author":[{"embeddable":true,"href":"https:\/\/www.egemtv.com\/index.php?rest_route=\/wp\/v2\/users\/1"}],"replies":[{"embeddable":true,"href":"https:\/\/www.egemtv.com\/index.php?rest_route=%2Fwp%2Fv2%2Fcomments&post=24515"}],"version-history":[{"count":1,"href":"https:\/\/www.egemtv.com\/index.php?rest_route=\/wp\/v2\/posts\/24515\/revisions"}],"predecessor-version":[{"id":24517,"href":"https:\/\/www.egemtv.com\/index.php?rest_route=\/wp\/v2\/posts\/24515\/revisions\/24517"}],"wp:featuredmedia":[{"embeddable":true,"href":"https:\/\/www.egemtv.com\/index.php?rest_route=\/wp\/v2\/media\/24516"}],"wp:attachment":[{"href":"https:\/\/www.egemtv.com\/index.php?rest_route=%2Fwp%2Fv2%2Fmedia&parent=24515"}],"wp:term":[{"taxonomy":"category","embeddable":true,"href":"https:\/\/www.egemtv.com\/index.php?rest_route=%2Fwp%2Fv2%2Fcategories&post=24515"},{"taxonomy":"post_tag","embeddable":true,"href":"https:\/\/www.egemtv.com\/index.php?rest_route=%2Fwp%2Fv2%2Ftags&post=24515"}],"curies":[{"name":"wp","href":"https:\/\/api.w.org\/{rel}","templated":true}]}}